{"id":63545,"date":"2007-04-27T14:46:39","date_gmt":"2007-04-27T12:46:39","guid":{"rendered":"https:\/\/mediarun.com\/index.php\/news-posts\/polskie-radio-nagradza-reportazystow\/"},"modified":"2007-04-27T14:46:39","modified_gmt":"2007-04-27T12:46:39","slug":"polskie-radio-nagradza-reportazystow","status":"publish","type":"post","link":"https:\/\/mediarun.com\/pl\/media\/radio\/polskie-radio-nagradza-reportazystow.html","title":{"rendered":"Polskie Radio nagradza reporta\u017cyst\u00f3w"},"content":{"rendered":"<p>Konkurs jest skierowany do pracownik\u00f3w oraz wsp\u00f3\u0142pracownik\u00f3w jednostek publicznej radiofonii, niezale\u017cnych producent\u00f3w audycji radiowych, zawodowo zajmuj\u0105cych si\u0119 tak\u0105 dzia\u0142alno\u015bci\u0105 oraz student\u00f3w wy\u017cszych uczelni (kategoria reporta\u017cy radiowych). Natomiast w kategorii prasowo &#8211; telewizyjnej mog\u0105 wzi\u0105\u0107 udzia\u0142 dziennikarze prasy krajowej, jednostek telewizji publicznej oraz komercyjnych stacji telewizyjnych.<\/p>\n<p>W kategorii radiowy reporta\u017cysta roku nominowani s\u0105 Cezary Galka z Radia Zach\u00f3d oraz Katarzyna Michalak z Radia Lublin.<\/p>\n<p>O wyr\u00f3\u017cnienie w kategorii premiera roku ubiegaj\u0105 si\u0119 m.in. &#8222;Bajka&#8221; Angeliki Ku\u017aniak i Magdy Skawi\u0144skiej (Studio Reporta\u017cu i Dokumentu Polskiego Radia), &#8222;Georgia &#8211; fragmenty pami\u0119ci&#8221; Ma\u0142gorzaty \u017berwe (Radio Gda\u0144sk),  &#8222;Pochowa\u0142am go w swoim sercu&#8221; Agnieszki Czarkowskiej (Radio Bia\u0142ystok) i &#8222;Po tamtej stronie&#8221; Cezarego Galka (Radio Zach\u00f3d.<\/p>\n<p>O statuetk\u0119 &#8222;Melchiora&#8221; w kategorii inspiracja roku walcz\u0105 Miros\u0142awa Dembi\u0144skiego (Studio Filmowe Everest), Roberta Kaczmarka (TVP1), Marcina Ko\u0142odziejczyka (Polityka) i Joann\u0119 Wojciechowsk\u0105 (Gazeta Wyborcza Olsztyn).<\/p>\n<p>Zostanie tak\u017ce wr\u0119czona nagroda specjalna Studia Reporta\u017cu i Dokumentu Polskiego Radia. Kierownictwo Studia przyznaje j\u0105 za dzia\u0142ania na rzecz rozwoju gatunku lub jego promocji.<\/p>\n<p>Og\u0142oszenie wynik\u00f3w III edycji konkursu nast\u0105pi 12 maja 2007 roku w Filharmonii Zielonog\u00f3rskiej podczas Gali Polskich Reporta\u017cyst\u00f3w. <\/p>\n","protected":false},"excerpt":{"rendered":"12 maja Polskie Radio po raz kolejny przyzna &#8222;Melchiory&#8221;, nagrody dla najlepszych reporta\u017cyst\u00f3w. Wyr\u00f3\u017cnienia zostan\u0105 wr\u0119czone w takich kategoriach jak: radiowy reporta\u017c roku, premiera roku oraz inspiracja roku.","protected":false},"author":1,"featured_media":63546,"comment_status":"open","ping_status":"closed","sticky":false,"template":"","format":"standard","meta":{"csco_display_header_overlay":false,"csco_singular_sidebar":"","csco_page_header_type":"","csco_page_load_nextpost":"","csco_post_video_location":[],"csco_post_video_location_hash":"","csco_post_video_url":"","csco_post_video_bg_start_time":0,"csco_post_video_bg_end_time":0,"footnotes":""},"categories":[9672],"tags":[],"class_list":{"0":"post-63545","1":"post","2":"type-post","3":"status-publish","4":"format-standard","5":"has-post-thumbnail","7":"category-radio","8":"cs-entry","9":"cs-video-wrap"},"_links":{"self":[{"href":"https:\/\/mediarun.com\/pl\/wp-json\/wp\/v2\/posts\/63545","targetHints":{"allow":["GET"]}}],"collection":[{"href":"https:\/\/mediarun.com\/pl\/wp-json\/wp\/v2\/posts"}],"about":[{"href":"https:\/\/mediarun.com\/pl\/wp-json\/wp\/v2\/types\/post"}],"author":[{"embeddable":true,"href":"https:\/\/mediarun.com\/pl\/wp-json\/wp\/v2\/users\/1"}],"replies":[{"embeddable":true,"href":"https:\/\/mediarun.com\/pl\/wp-json\/wp\/v2\/comments?post=63545"}],"version-history":[{"count":0,"href":"https:\/\/mediarun.com\/pl\/wp-json\/wp\/v2\/posts\/63545\/revisions"}],"wp:featuredmedia":[{"embeddable":true,"href":"https:\/\/mediarun.com\/pl\/wp-json\/wp\/v2\/media\/63546"}],"wp:attachment":[{"href":"https:\/\/mediarun.com\/pl\/wp-json\/wp\/v2\/media?parent=63545"}],"wp:term":[{"taxonomy":"category","embeddable":true,"href":"https:\/\/mediarun.com\/pl\/wp-json\/wp\/v2\/categories?post=63545"},{"taxonomy":"post_tag","embeddable":true,"href":"https:\/\/mediarun.com\/pl\/wp-json\/wp\/v2\/tags?post=63545"}],"curies":[{"name":"wp","href":"https:\/\/api.w.org\/{rel}","templated":true}]}}