{"id":63525,"date":"2007-04-30T06:00:00","date_gmt":"2007-04-30T04:00:00","guid":{"rendered":"https:\/\/mediarun.com\/index.php\/news-posts\/nagrody-grand-front-2006-rozdane\/"},"modified":"2007-04-30T06:00:00","modified_gmt":"2007-04-30T04:00:00","slug":"nagrody-grand-front-2006-rozdane","status":"publish","type":"post","link":"https:\/\/mediarun.com\/pl\/wydarzenia\/nagrody-grand-front-2006-rozdane.html","title":{"rendered":"Nagrody Grand Front 2006 rozdane"},"content":{"rendered":"<p><P>O nagrody g\u0142\u00f3wne w Konkursie rywalizowa\u0142o 371 prac. Po raz pierwszy, w tegorocznej edycji prace mo\u017cna by\u0142o zg\u0142asza\u0107 do nagrody dodatkowej za szczeg\u00f3lne osi\u0105gni\u0119cia edytorskie. Przyznane zosta\u0142y dwa Grand Fronty &#8211; dla najlepszej strony tytu\u0142owej w gazetach i naj\u0142adniejszej ok\u0142adki w czasopismach, oraz sze\u015b\u0107 z\u0142otych medali w kategoriach: gazety regionalne, czasopisma bran\u017cowe, hobbystyczne, popularne czasopisma kobiece, magazyny wielotematyczne, czasopisma opinii.<\/P><br \/>\n<P>Zesp\u00f3\u0142 Dziennika Ba\u0142tyckiego otrzyma\u0142 medal za szczeg\u00f3lne osi\u0105gni\u0119cia edytorskie &#8211; m.in. &#8222;za udany redesign makiety, obejmuj\u0105cy powa\u017cn\u0105 zmian\u0119 projektu redakcyjnego i projektu graficznego, waloryzuj\u0105c\u0105 wymiar lokalny i opiniotw\u00f3rczy dziennika&#8221;.<\/P><br \/>\n<P>To samo wyr\u00f3\u017cnienie otrzyma\u0142y r\u00f3wnie\u017c zespo\u0142y Dziennika Polskiego (za &#8222;wprowadzenie na rynek prasowy magazynu Sobota&#8221;, oraz &#8222;\u015bmia\u0142ej grafice w postaci samodzielnego lokalnego wydania Dziennika Nowos\u0105deckiego&#8221;), Wysokich Obcas\u00f3w (&#8222;za niezmiennie wysoki poziom edytorski i promocj\u0119 m\u0142odej fali polskich artyst\u00f3w ilustrator\u00f3w&#8221;) oraz Poczty Polskiej (&#8222;za walor merytoryczno-edukacyjny cyklu wydawniczego, po\u015bwi\u0119conego najnowszej historii Polski&#8221;).<\/P><br \/>\n<P>W tym roku nie przyznano jednak pierwszej nagrody w kategorii gazet og\u00f3lnopolskich oraz lokalnych. &#8222;Jury stwierdzi\u0142o, \u017ce wyznaczone tematy wydarzeniowe nie stanowi\u0142y dostatecznej motywacji oraz powod\u00f3w, dla kt\u00f3rych tym wydarzeniom redakcje chcia\u0142y po\u015bwi\u0119ci\u0107 wi\u0119cej uwagi ni\u017c codziennym zmaganiom edytorskim&#8221; &#8211; czytamy w komunikacie.<\/P><br \/>\n<P><BR>Pe\u0142na lista nagrodzonych:<BR><BR><STRONG>GRUPA CZASOPISM<BR><BR><\/STRONG>Tytu\u0142: <STRONG>Exklusiv<\/STRONG> nr 40<BR>Wydawnictwo: Valkea Media<BR>Autor projektu: Zuza Krajewska<BR><BR><BR><STRONG>GRUPA GAZET<BR><BR><\/STRONG>Tytu\u0142: <STRONG>Dziennik Ba\u0142tycki<\/STRONG> nr 293<BR>Wydawnictwo: Polskapresse Sp. z o.o., Oddzia\u0142 Prasa Ba\u0142tycka<BR>Autor projektu: Krzysztof Ignatowicz<BR><BR><BR><STRONG>CZASOPISMA OPINII<BR><BR><\/STRONG><U>Z\u0142oty medal:<\/U><BR>Tytu\u0142: <STRONG>Przekr\u00f3j<\/STRONG> nr 23\/24<BR>Wydawnictwo: Edipresse Polska S.A.<BR>Autor projektu: Ma\u0142gorzata Laska <BR><BR><U>Wyr\u00f3\u017cnienia:<\/U><BR>Tytu\u0142: <STRONG>Forum<\/STRONG> nr 10<BR>Wydawnictwo: Polityka Sp\u00f3\u0142dzielnia Prasy<BR>Autor projektu: Ma\u0142gorzata \u015aliwi\u0144ska<BR><BR>Tytu\u0142: <STRONG>Newsweek<\/STRONG> nr 42<BR>Wydawnictwo: Axel Springer Polska<BR>Autor projektu: Grzegorz Szczawi\u0144ski<BR><BR>Tytu\u0142: <STRONG>Polityka<\/STRONG> nr 7<BR>Wydawnictwo: Polityka Sp\u00f3\u0142dzielnia Pracy<BR>Autor projektu: Jacek Kr\u00f3lak<BR><BR>Tytu\u0142: <STRONG>Przekr\u00f3j<\/STRONG> nr 19<BR>Wydawnictwo: Edipresse Polska S.A.<BR>Autor projektu: Ma\u0142gorzata Laska<BR><BR>Tytu\u0142: <STRONG>Wprost<\/STRONG> nr 45<BR>Wydawnictwo: AWR Wprost Sp. z o.o.<BR>Autor projektu: Tomasz Strzy\u017cewski<BR><BR><BR><STRONG>MAGAZYNY WIELOTEMATYCZNE<BR><BR><\/STRONG><U>Z\u0142oty medal:<BR><\/U>Tytu\u0142: <STRONG>Exklusiv<\/STRONG> nr 40<BR>Wydawnictwo: Valkea Media<BR>Autor projektu: Zuza Krajewska<BR><BR><U>Wyr\u00f3\u017cnienia:<\/U><BR>Tytu\u0142: <STRONG>A4 Magazyn<\/STRONG> nr 31<BR>Wydawnictwo: J and B Consulting, Iwona Czempi\u0144ska<BR>Autor projektu: \u0141ukasz Aksamit<BR><BR>Tytu\u0142:<STRONG> A4 Magazyn<\/STRONG> nr 36-37<BR>Wydawnictwo: J and B Consulting, Iwona Czempi\u0144ska<BR>Autor projektu: \u0141ukasz Aksamit<BR><BR>Tytu\u0142: <STRONG>Exklusiv<\/STRONG> nr 46<BR>Wydawnictwo: Valkea Media<BR>Autor projektu: Kobas Laksa<BR><BR>Tytu\u0142: <STRONG>Pani<\/STRONG> nr 9<BR>Wydawnictwo: Bauer Sp. z o.o.<BR>Autor projektu: Rafa\u0142 Olech<BR><BR>Tytu\u0142: <STRONG>Zwierciad\u0142o<\/STRONG> nr 2<BR>Wydawnictwo: Zwierciad\u0142o Sp. z o.o.<BR>Autor projektu: Tomasz Misiek<BR><BR><BR><STRONG>POPULARNE CZASOPISMA KOBIECE<BR><BR><\/STRONG><U>Z\u0142oty medal:<\/U><BR>Tytu\u0142: <STRONG>Viva!<\/STRONG> nr 23<BR>Wydawnictwo: Edipresse Polska S.A.<BR>Autor projektu: Ma\u0142gorzata Laska<BR><BR><U>Wyr\u00f3\u017cnienia:<\/U><BR>Tytu\u0142: <STRONG>Gala<\/STRONG> nr 12<BR>Wydawnictwo: G+J Polska Sp. z o.o.<BR>Autor projektu: Piotr Do\u0142owski<BR><BR>Tytu\u0142: <STRONG>Moda na zdrowie <\/STRONG>nr 1<BR>Wydawnictwo: XXL Media Sp. z o.o.<BR>Autor projektu: Cezary Sk\u00f3rnicki, Aleksander Struczyk<BR><BR>Tytu\u0142: <STRONG>Moda na zdrowie <\/STRONG>nr 4<BR>Wydawnictwo: XXL Media Sp. z o.o.<BR>Autor projektu: Cezary Sk\u00f3rnicki<BR><BR>Tytu\u0142: <STRONG>Viva!<\/STRONG>nr 21<BR>Wydawnictwo: Edipresse Polska S.A.<BR>Autor projektu: Piotr Por\u0119bski<BR><BR>Tytu\u0142: <STRONG>Wr\u00f3\u017cka<\/STRONG> nr 6<BR>Wydawnictwo: Te-Jot<BR>Autor projektu: Wiktor Sadowski<BR><BR><BR><STRONG>CZASOPISMA HOBBYSTYCZNE<BR><BR><\/STRONG><U>Z\u0142oty medal:<\/U><BR>Tytu\u0142: <STRONG>Machina<\/STRONG> nr 1<BR>Wydawnictwo: Media Point Group Sp. z o.o.<BR>Autor projektu: Marek Knap, Marek Trojanowski<BR><BR><U>Wyr\u00f3\u017cnienia:<\/U><BR>Tytu\u0142: <STRONG>ARTeon<\/STRONG> nr 12<BR>Wydawnictwo: Dom Wydawniczy &#8222;Kruszona&#8221;<BR>Autor projektu: Sylwia Tomczyk<BR><BR>Tytu\u0142: <STRONG>Charaktery<\/STRONG> wydanie specjalne nr 1<BR>Wydawnictwo: Charaktery Sp. z o.o.<BR>Autor projektu: Igor Morski<BR><BR>Tytu\u0142: <STRONG>Foto<\/STRONG> nr 7<BR>Wydawnictwo: IPI Sp. z o.o.<BR>Autor projektu: Grzegorz Mosieniek<BR><BR>Tytu\u0142: <STRONG>Machina<\/STRONG> nr 9<BR>Wydawnictwo: Media Point Group Sp. z o.o.<BR>Autor projektu: Marek Knap, Marek Trojanowski<BR><BR>Tytu\u0142: <STRONG>Surf IT<\/STRONG> nr 10<BR>Wydawnictwo: Oberon Polska Sp. z o.o.<BR>Autor projektu: Artur Augustyniak <BR><BR><BR><STRONG>CZASOPISMA BRAN\u017bOWE<BR><BR><\/STRONG><U>Z\u0142oty medal:<\/U><BR>Tytu\u0142:<STRONG> Press<\/STRONG> nr 8<BR>Wydawnictwo: Press Sp. z o.o.<BR>Autor projektu: Micha\u0142 Stasiak<BR><BR><U>Wyr\u00f3\u017cnienia:<\/U><BR>Tytu\u0142: <STRONG>Academia. Magazyn Polskiej Akademii Nauk <\/STRONG>nr 4<BR>Wydawnictwo: Polska Akademia Nauk<BR>Autor projektu: Pawe\u0142 Adam\u00f3w<BR><BR>Tytu\u0142: <STRONG>Architektura &#8211; Murator<\/STRONG> nr 4<BR>Wydawnictwo: Murator Sp. z o.o.<BR>Autor projektu: Jerzy Por\u0119bski<BR><BR>Tytu\u0142: <STRONG>Architektura &#8211; Murator<\/STRONG> nr 5<BR>Wydawnictwo: Murator Sp. z o.o.<BR>Autor projektu: Jerzy Por\u0119bski<BR><BR>Tytu\u0142: <STRONG>Farmer<\/STRONG> nr 14<BR>Wydawnictwo: Plantpress Sp. z o.o.<BR>Autor projektu: Mateusz Kaniewski<BR><BR>Tytu\u0142: <STRONG>Print Partner<\/STRONG> nr 7<BR>Wydawnictwo: Vidart<BR>Autor projektu: Zesp\u00f3\u0142 Drukarni Cezar Sp. z o.o.<BR><BR><BR><STRONG>GAZETY OG\u00d3LNOPOLSKIE<BR><BR><\/STRONG><U>Wyr\u00f3\u017cnienia:<\/U><BR>Tytu\u0142: <STRONG>Gazeta Wyborcza<\/STRONG> nr 259<BR>Wydawnictwo: Agora S.A.<BR>Autor projektu: Studio Graficzne Gazety Wyborczej<BR><BR>Tytu\u0142: <STRONG>Metro<\/STRONG> nr 952<BR>Wydawnictwo: Agora S.A.<BR>Autor projektu: Magdalena Mamajek-Mich <BR><BR>Tytu\u0142: <STRONG>Metro<\/STRONG> nr 975<BR>Wydawnictwo: Agora S.A.<BR>Autor projektu: Marta Micha\u0142owska<BR><BR>Tytu\u0142: <STRONG>Metro<\/STRONG> nr 959<BR>Wydawnictwo: Agora S.A.<BR>Autor projektu: Marta Micha\u0142owska<BR><BR>Tytu\u0142: <STRONG>Puls Biznesu<\/STRONG> nr 132<BR>Wydawnictwo: Bonnier Business Polska Sp. z o.o.<BR>Autor projektu: Tomasz M\u0142ynarski<BR><BR>Tytu\u0142: <STRONG>Rzeczpospolita<\/STRONG> nr 150<BR>Wydawnictwo: Presspublica Sp. z o.o.<BR>Autor projektu: Marek Knap, Marek Trojanowski<BR><BR><BR><STRONG>GAZETY REGIONALNE<BR><BR><\/STRONG><U>Z\u0142oty medal:<BR><\/U>Tytu\u0142: <STRONG>Dziennik Ba\u0142tycki<\/STRONG>, nr 293<BR>Wydawnictwo: Polskapresse Sp. z o.o.<BR>Autor projektu: Krzysztof Ignatowicz<BR><BR><U>Wyr\u00f3\u017cnienia:<\/U><BR>Tytu\u0142: <STRONG>Dziennik Ba\u0142tycki<\/STRONG> nr 263<BR>Wydawnictwo: Polskapresse Sp. z o.o.<BR>Autor projektu: Krzysztof Ignatowicz<BR><BR>Tytu\u0142: <STRONG>G\u0142os Wielkopolski<\/STRONG> nr 149<BR>Wydawnictwo: Oficyna Wydawnicza Wielkopolska BR&gt;Autor projektu: Krzysztof Wi\u015bniewski<BR><BR>Tytu\u0142: <STRONG>Kurier Lubelski<\/STRONG> nr 264<BR>Wydawnictwo: Kurier Lubelski Sp. z o.o.<BR>Autor projektu: Agnieszka Sulimierska, Grzegorz W\u00f3jcikowski<BR><BR>Tytu\u0142: <STRONG>Kurier Poranny<\/STRONG> nr 263<BR>Wydawnictwo: Prasa Podlaska<BR>Autor projektu: Zesp\u00f3\u0142 redakcyjny <BR><BR>Tytu\u0142: <STRONG>Kurier Poranny<\/STRONG> nr 202<BR>Wydawnictwo: Prasa Podlaska<BR>Autor projektu: Zesp\u00f3\u0142 redakcyjny <BR><BR><BR><STRONG>GAZETY I CZASOPISMA LOKALNE<BR><BR><\/STRONG><U>Wyr\u00f3\u017cnienia:<\/U><BR>Tytu\u0142: <STRONG>G\u0142os S\u0142omnik<\/STRONG> nr 159<BR>Wydawnictwo: Miejsko-Gminne Centrum Kultury w S\u0142omnikach<BR>Autor projektu: Karina Znamirowska <BR><BR>Tytu\u0142: <STRONG>Nowiny Raciborskie <\/STRONG>nr 46<BR>Wydawnictwo: Wydawnictwo Nowiny Sp. z o.o.<BR>Autor projektu: Pawe\u0142 Okulowski<BR><BR>Tytu\u0142: <STRONG>Panorama Leszczy\u0144ska <\/STRONG>nr 46<BR>Wydawnictwo: Panorama, Sp\u00f3\u0142ka z o.o.<BR>Autor projektu: El\u017cbieta Ku\u015bnierek<BR><BR>Tytu\u0142: <STRONG>Tygodnik Rybnicki <\/STRONG>nr 3<BR>Wydawnictwo: Wydawnictwo Nowiny Sp. z o.o.<BR>Autor projektu: Jurek O\u015bliz\u0142y<BR><BR>Tytu\u0142: <STRONG>Tygodnik Siedlecki <\/STRONG>nr 46<BR>Wydawnictwo: Wydawnicza Sp\u00f3\u0142dzielnia Pracy &#8222;Stopka&#8221;<BR>Autor projektu: Miros\u0142aw Zdrodowski<BR><BR>Tytu\u0142: <STRONG>\u017bycie Podkarpackie <\/STRONG>nr 46<BR>Wydawnictwo: Ziemia Przemyska Sp. z o.o.<BR>Autor projektu: Artur Wilgucki, Mariusz Ko\u015bciuk<BR><BR><\/P><br \/>\n<P>Wszystkie ok\u0142adki zaprezentowane zostan\u0105 od 28 kwietnia do 7 maja w Zamku Kr\u00f3lewskim, a nast\u0119pnie wystaw\u0119 b\u0119dzie mo\u017cna zobaczy\u0107 w Empikach we Wroc\u0142awiu, Krakowie, Warszawie, Bydgoszczy, Poznaniu i Gda\u0144sku.<\/P><br \/>\n<P>Laureat\u00f3w Konkursu wy\u0142oni\u0142o 25-osobowe Jury, w kt\u00f3rym zasiadaj\u0105 uznani tw\u00f3rcy grafiki prasowej: dyrektorzy artystyczni, wyk\u0142adowcy uczelni plastycznych, fotograficy oraz &#8211; po raz pierwszy &#8211; wydawcy.<\/P><\/p>\n","protected":false},"excerpt":{"rendered":"Ju\u017c po raz pi\u0105ty ok\u0142adki czasopism i &quot;jedynki&quot; gazet rywalizowa\u0142y o tytu\u0142 najlepszej i naj\u0142adniejszej. Nagrody g\u0142\u00f3wne zdoby\u0142y Exklusiv i Dziennik Ba\u0142tycki.","protected":false},"author":1,"featured_media":63526,"comment_status":"open","ping_status":"closed","sticky":false,"template":"","format":"standard","meta":{"csco_display_header_overlay":false,"csco_singular_sidebar":"","csco_page_header_type":"","csco_page_load_nextpost":"","csco_post_video_location":[],"csco_post_video_location_hash":"","csco_post_video_url":"","csco_post_video_bg_start_time":0,"csco_post_video_bg_end_time":0,"footnotes":""},"categories":[46],"tags":[214,95,202,177,68,912,126,501,348],"class_list":{"0":"post-63525","1":"post","2":"type-post","3":"status-publish","4":"format-standard","5":"has-post-thumbnail","7":"category-wydarzenia","8":"tag-agora","9":"tag-gj","10":"tag-gazeta-wyborcza","11":"tag-newsweek","12":"tag-polskapresse","13":"tag-przekroj","14":"tag-ringier-axel-springer","15":"tag-viva","16":"tag-wprost","17":"cs-entry","18":"cs-video-wrap"},"_links":{"self":[{"href":"https:\/\/mediarun.com\/pl\/wp-json\/wp\/v2\/posts\/63525","targetHints":{"allow":["GET"]}}],"collection":[{"href":"https:\/\/mediarun.com\/pl\/wp-json\/wp\/v2\/posts"}],"about":[{"href":"https:\/\/mediarun.com\/pl\/wp-json\/wp\/v2\/types\/post"}],"author":[{"embeddable":true,"href":"https:\/\/mediarun.com\/pl\/wp-json\/wp\/v2\/users\/1"}],"replies":[{"embeddable":true,"href":"https:\/\/mediarun.com\/pl\/wp-json\/wp\/v2\/comments?post=63525"}],"version-history":[{"count":0,"href":"https:\/\/mediarun.com\/pl\/wp-json\/wp\/v2\/posts\/63525\/revisions"}],"wp:featuredmedia":[{"embeddable":true,"href":"https:\/\/mediarun.com\/pl\/wp-json\/wp\/v2\/media\/63526"}],"wp:attachment":[{"href":"https:\/\/mediarun.com\/pl\/wp-json\/wp\/v2\/media?parent=63525"}],"wp:term":[{"taxonomy":"category","embeddable":true,"href":"https:\/\/mediarun.com\/pl\/wp-json\/wp\/v2\/categories?post=63525"},{"taxonomy":"post_tag","embeddable":true,"href":"https:\/\/mediarun.com\/pl\/wp-json\/wp\/v2\/tags?post=63525"}],"curies":[{"name":"wp","href":"https:\/\/api.w.org\/{rel}","templated":true}]}}