{"id":63342,"date":"2007-05-08T13:30:16","date_gmt":"2007-05-08T11:30:16","guid":{"rendered":"https:\/\/mediarun.com\/index.php\/news-posts\/radziszewski-znow-w-tvp\/"},"modified":"2007-05-08T13:30:16","modified_gmt":"2007-05-08T11:30:16","slug":"radziszewski-znow-w-tvp","status":"publish","type":"post","link":"https:\/\/mediarun.com\/pl\/media\/tv\/radziszewski-znow-w-tvp.html","title":{"rendered":"Radziszewski zn\u00f3w w TVP"},"content":{"rendered":"<p>Piotr Radziszewski dyrektorem biura programowego by\u0142 ju\u017c od wrze\u015bnia 2005 roku do sierpnia 2006 roku. Wcze\u015bniej by\u0142 w publicznej telewizji tak\u017ce m.in. zast\u0119pc\u0105 dyrektora TVP1 i szefem &#8222;teleexpresu&#8221;. Radziszewski wsp\u00f3\u0142pracowa\u0142 r\u00f3wnie\u017c w latach 1997 &#8211; 2005 z telewizj\u0105 TVN, gdzie by\u0142 jednym ze wsp\u00f3\u0142tw\u00f3rc\u00f3w kana\u0142u informacyjnego TVN24.<\/p>\n","protected":false},"excerpt":{"rendered":"Piotr Radziszewski obj\u0105\u0142 we wtorek stanowisko dyrektora biura programowego Telewizji Polskiej. Radziszewski zast\u0105pi\u0142 na tym stanowisku Lilian\u0119 Sonik, kt\u00f3ra kierowa\u0142a biurem do 15 marca 2007 roku.","protected":false},"author":1,"featured_media":63343,"comment_status":"open","ping_status":"closed","sticky":false,"template":"","format":"standard","meta":{"csco_display_header_overlay":false,"csco_singular_sidebar":"","csco_page_header_type":"","csco_page_load_nextpost":"","csco_post_video_location":[],"csco_post_video_location_hash":"","csco_post_video_url":"","csco_post_video_bg_start_time":0,"csco_post_video_bg_end_time":0,"footnotes":""},"categories":[9670],"tags":[],"class_list":{"0":"post-63342","1":"post","2":"type-post","3":"status-publish","4":"format-standard","5":"has-post-thumbnail","7":"category-tv","8":"cs-entry","9":"cs-video-wrap"},"_links":{"self":[{"href":"https:\/\/mediarun.com\/pl\/wp-json\/wp\/v2\/posts\/63342","targetHints":{"allow":["GET"]}}],"collection":[{"href":"https:\/\/mediarun.com\/pl\/wp-json\/wp\/v2\/posts"}],"about":[{"href":"https:\/\/mediarun.com\/pl\/wp-json\/wp\/v2\/types\/post"}],"author":[{"embeddable":true,"href":"https:\/\/mediarun.com\/pl\/wp-json\/wp\/v2\/users\/1"}],"replies":[{"embeddable":true,"href":"https:\/\/mediarun.com\/pl\/wp-json\/wp\/v2\/comments?post=63342"}],"version-history":[{"count":0,"href":"https:\/\/mediarun.com\/pl\/wp-json\/wp\/v2\/posts\/63342\/revisions"}],"wp:featuredmedia":[{"embeddable":true,"href":"https:\/\/mediarun.com\/pl\/wp-json\/wp\/v2\/media\/63343"}],"wp:attachment":[{"href":"https:\/\/mediarun.com\/pl\/wp-json\/wp\/v2\/media?parent=63342"}],"wp:term":[{"taxonomy":"category","embeddable":true,"href":"https:\/\/mediarun.com\/pl\/wp-json\/wp\/v2\/categories?post=63342"},{"taxonomy":"post_tag","embeddable":true,"href":"https:\/\/mediarun.com\/pl\/wp-json\/wp\/v2\/tags?post=63342"}],"curies":[{"name":"wp","href":"https:\/\/api.w.org\/{rel}","templated":true}]}}