{"id":6330,"date":"2012-05-15T00:09:01","date_gmt":"2012-05-14T22:09:01","guid":{"rendered":"https:\/\/mediarun.com\/index.php\/news-posts\/rem-stylizacja-na-taliba-nie-narusza-etyki\/"},"modified":"2012-05-15T00:09:01","modified_gmt":"2012-05-14T22:09:01","slug":"rem-stylizacja-na-taliba-nie-narusza-etyki","status":"publish","type":"post","link":"https:\/\/mediarun.com\/pl\/inne\/rem-stylizacja-na-taliba-nie-narusza-etyki.html","title":{"rendered":"REM: stylizacja na taliba nie narusza etyki"},"content":{"rendered":"<p>&#8222;Zdaniem REM ok\u0142adka jest graficznym komentarzem odnosz\u0105cym si\u0119 do dzia\u0142alno\u015bci i radykalnych publicznych wypowiedzi krytykowanego w ten spos&oacute;b polityka. Dziennikarz napisa\u0142by, i\u017c polityk &#8222;post\u0119puje jak talib&#8221;, co mog\u0142oby rodzi\u0107 w\u0105tpliwo\u015bci &#8211; ale przecie\u017c nie zarzut z\u0142amania zasad etyki dziennikarskiej. REM nie widzi wi\u0119c uzasadnienia dla tego zarzutu wobec ilustracji ok\u0142adkowej, swoistej karykatury, kt&oacute;ra przekazuje t\u0119 sam\u0105 my\u015bl wyra\u017con\u0105 inaczej ni\u017c s\u0142owami&#8221; &#8211; brzmi o\u015bwiadczenie REM.<\/p>\n<p>Rada Etyki Medi&oacute;w zaj\u0119\u0142a si\u0119 ok\u0142adk\u0105 Newsweeka po skardze przewodnicz\u0105cego klubu parlamentarnego PiS Mariusza B\u0142aszczaka. &#8222;Fotomonta\u017c z ok\u0142adki Newsweeka nie tylko narusza dobra osobiste Antoniego Macierewicza, ale jest r&oacute;wnie\u017c niespotykan\u0105 manipulacj\u0105, kt&oacute;ra ma wywo\u0142a\u0107 zamierzony przez autor&oacute;w efekt&#8221; &#8211; napisa\u0142 B\u0142aszczak.<\/p>\n<p>Zdaniem REM &#8222;ka\u017cda karykatura uwypukla to, co jej autor chce podkre\u015bli\u0107 lub o\u015bmieszy\u0107 &#8211; i nie mo\u017cna tego uwa\u017ca\u0107 za manipulacj\u0119&#8221;. W ocenie Rady w tym zabiegu ilustratora nie ma niczego niespotykanego.<\/p>\n<p>Skarga pos\u0142a PiS dotyczy\u0142a te\u017c artyku\u0142u wst\u0119pnego redaktora naczelnego tygodnika Tomasza Lisa. &#8222;Redaktor naczelny nie stara si\u0119 polemizowa\u0107, komentowa\u0107 czy recenzowa\u0107 wypowiedzi polityk&oacute;w, do czego jako dziennikarz ma pe\u0142ne prawo. Tomasz Lis zamiast komentarza prasowego opublikowa\u0142 swoisty manifest, pe\u0142ny nienawi\u015bci i agresji ukierunkowanej na Prawo i Sprawiedliwo\u015b\u0107. Tekst jest wr\u0119cz zaprojektowany tak, by wywo\u0142a\u0107 uczucia wrogo\u015bci wobec opozycji&#8221; &#8211; napisa\u0142 Mariusz B\u0142aszczak.<\/p>\n<p>REM nie znalaz\u0142a podstaw dla tego zarzutu. &#8222;Wyra\u017caj\u0105c swoje pogl\u0105dy polityczne i obawy co do przysz\u0142o\u015bci demokracji w Polsce, kt&oacute;re \u0142\u0105czy z metodami polemicznymi g\u0142&oacute;wnej partii opozycyjnej, Tomasz Lis korzysta z wolno\u015bci prasy, dobra &#8211; zdaniem REM &#8211; nadrz\u0119dnego. Nie do REM nale\u017cy ocena, czy racja jest po jego stronie, czy te\u017c po stronie oponent&oacute;w&#8221; &#8211; mo\u017cna przeczyta\u0107&nbsp;w komunikacie Rady rozes\u0142anym do medi&oacute;w.<\/p>\n<p>Pose\u0142 PiS Antoni Macierewicz, stylizowany na afga\u0144skiego taliba &#8211; w turbanie i z brod\u0105 &#8211; pojawi\u0142 si\u0119 na ok\u0142adce jednego z kwietniowych numer&oacute;w tygodnika Newsweek Polska. Towarzyszy\u0142o mu has\u0142o &#8222;Amok&#8221;.<\/p>\n","protected":false},"excerpt":{"rendered":"Rada Etyki Medi&oacute;w nie dopatrzy\u0142a si\u0119 naruszenia przez Newsweek zasad zapisanych w Karcie Etycznej Medi&oacute;w publikuj\u0105c ok\u0142adk\u0119 z Antonim Macierewiczem.","protected":false},"author":1,"featured_media":6331,"comment_status":"open","ping_status":"closed","sticky":false,"template":"","format":"standard","meta":{"csco_display_header_overlay":false,"csco_singular_sidebar":"","csco_page_header_type":"","csco_page_load_nextpost":"","csco_post_video_location":[],"csco_post_video_location_hash":"","csco_post_video_url":"","csco_post_video_bg_start_time":0,"csco_post_video_bg_end_time":0,"footnotes":""},"categories":[47],"tags":[177,1163],"class_list":{"0":"post-6330","1":"post","2":"type-post","3":"status-publish","4":"format-standard","5":"has-post-thumbnail","7":"category-inne","8":"tag-newsweek","9":"tag-rada-etyki-mediow","10":"cs-entry","11":"cs-video-wrap"},"_links":{"self":[{"href":"https:\/\/mediarun.com\/pl\/wp-json\/wp\/v2\/posts\/6330","targetHints":{"allow":["GET"]}}],"collection":[{"href":"https:\/\/mediarun.com\/pl\/wp-json\/wp\/v2\/posts"}],"about":[{"href":"https:\/\/mediarun.com\/pl\/wp-json\/wp\/v2\/types\/post"}],"author":[{"embeddable":true,"href":"https:\/\/mediarun.com\/pl\/wp-json\/wp\/v2\/users\/1"}],"replies":[{"embeddable":true,"href":"https:\/\/mediarun.com\/pl\/wp-json\/wp\/v2\/comments?post=6330"}],"version-history":[{"count":0,"href":"https:\/\/mediarun.com\/pl\/wp-json\/wp\/v2\/posts\/6330\/revisions"}],"wp:featuredmedia":[{"embeddable":true,"href":"https:\/\/mediarun.com\/pl\/wp-json\/wp\/v2\/media\/6331"}],"wp:attachment":[{"href":"https:\/\/mediarun.com\/pl\/wp-json\/wp\/v2\/media?parent=6330"}],"wp:term":[{"taxonomy":"category","embeddable":true,"href":"https:\/\/mediarun.com\/pl\/wp-json\/wp\/v2\/categories?post=6330"},{"taxonomy":"post_tag","embeddable":true,"href":"https:\/\/mediarun.com\/pl\/wp-json\/wp\/v2\/tags?post=6330"}],"curies":[{"name":"wp","href":"https:\/\/api.w.org\/{rel}","templated":true}]}}