{"id":63281,"date":"2007-05-09T06:00:16","date_gmt":"2007-05-09T04:00:16","guid":{"rendered":"https:\/\/mediarun.com\/index.php\/news-posts\/point-group-z-tv-guidem-ale-czy-z-ozonem\/"},"modified":"2007-05-09T06:00:16","modified_gmt":"2007-05-09T04:00:16","slug":"point-group-z-tv-guidem-ale-czy-z-ozonem","status":"publish","type":"post","link":"https:\/\/mediarun.com\/pl\/media\/prasa\/point-group-z-tv-guidem-ale-czy-z-ozonem.html","title":{"rendered":"Point Group z tv-guidem, ale czy z Ozonem?"},"content":{"rendered":"<p>Platforma Mediowa Point Group chce wprowadzi\u0107 na rynek tygodnik telewizyjny. &#8211; Telewizja jest dzi\u015b najprostszym medium dla mas, a rynek telewizyjny rozwija si\u0119 bardzo szybko. Rozumiemy, \u017ce s\u0105 wydawcy, kt\u00f3rzy w tej dziedzinie s\u0105 gigantami i im si\u0119 nale\u017cy palma pierwsze\u0144stwa, ale uwa\u017camy, \u017ce na rynku jest te\u017c miejsce na nieco inny projekt &#8211; t\u0142umaczy w rozmowie z Mediarun.pl Micha\u0142 Lisiecki, prezes zarz\u0105du sp\u00f3\u0142ki.<\/p>\n<p>Lisiecki zapowiada relaunch miesi\u0119cznika Film. Pismo po wakacjach mia\u0142oby ukaza\u0107 si\u0119 na rynku w zmienionej szacie graficznej. Planowane s\u0105 tak\u017ce zmiany merytoryczne. &#8211; Wprowadzimy do Filmu bardzo du\u017co nowo\u015bci technologicznych, a jeden z projekt\u00f3w mo\u017ce nawet zrewolucjonizowa\u0107 rynek reklamy prasowej &#8211; zdradza prezes Platformy.<\/p>\n<p>Pod koniec kwietnia Platforma Mediowa Point Group wygra\u0142a przetarg dotycz\u0105cy praw do wydawania tygodnika Ozon. &#8211; Na razie nie mamy \u017cadnych plan\u00f3w wobec pisma. Nie wiemy w og\u00f3le czy Ozon si\u0119 uka\u017ce &#8211; zdradza Micha\u0142 Lisiecki.<\/p>\n<p>&#8211; Nabywamy w ten spos\u00f3b rozpoznawalny brand, ale czy te warto\u015bci wykorzystamy pod mark\u0105 Ozon i czy to b\u0119dzie nadal tygodnik to jest wielk\u0105 niewiadom\u0105 &#8211; m\u00f3wi Lisiecki. &#8211;Wymaga to przeanalizowania i zajmie si\u0119 tym pewnie ten sam zesp\u00f3\u0142, kt\u00f3ry b\u0119dzie powo\u0142any do stworzenia dziennika. Skorzystanie z takiej marki, znacz\u0105co ju\u017c wypromowanej i rozpoznawalnej jest dla nas sytuacj\u0105 du\u017ca \u0142atwiejsz\u0105 ni\u017c zaczynanie od zera &#8211; dodaje.<\/p>\n<p>Rozmow\u0119 Ma\u0142gorzaty Roman z Micha\u0142em Lisieckim, prezesem Platformy Mediowej Point Group, przeczyta\u0107 mo\u017cna na \u0142amach serwisu <a href=\"http:\/\/www.mediarun.pl\/news\/id\/21139\/nie_jestem_murdochem\" target=\"_blank\" rel=\"noopener\">Mediarun.pl<\/a><\/p>\n","protected":false},"excerpt":{"rendered":"Platforma Mediowa Point Group chce wprowadzi\u0107 na rynek tygodnik telewizyjny. Po wakacjach planowany jest tak\u017ce relauch miesi\u0119cznika Film. Nie wiadomo natomiast, czy na rynku pojawi si\u0119 reaktywowany Ozon, do kt\u00f3rego wydawania sp\u00f3\u0142ka naby\u0142a pod koniec kwietnia prawa.","protected":false},"author":1,"featured_media":63282,"comment_status":"open","ping_status":"closed","sticky":false,"template":"","format":"standard","meta":{"csco_display_header_overlay":false,"csco_singular_sidebar":"","csco_page_header_type":"","csco_page_load_nextpost":"","csco_post_video_location":[],"csco_post_video_location_hash":"","csco_post_video_url":"","csco_post_video_bg_start_time":0,"csco_post_video_bg_end_time":0,"footnotes":""},"categories":[9673],"tags":[],"class_list":{"0":"post-63281","1":"post","2":"type-post","3":"status-publish","4":"format-standard","5":"has-post-thumbnail","7":"category-prasa","8":"cs-entry","9":"cs-video-wrap"},"_links":{"self":[{"href":"https:\/\/mediarun.com\/pl\/wp-json\/wp\/v2\/posts\/63281","targetHints":{"allow":["GET"]}}],"collection":[{"href":"https:\/\/mediarun.com\/pl\/wp-json\/wp\/v2\/posts"}],"about":[{"href":"https:\/\/mediarun.com\/pl\/wp-json\/wp\/v2\/types\/post"}],"author":[{"embeddable":true,"href":"https:\/\/mediarun.com\/pl\/wp-json\/wp\/v2\/users\/1"}],"replies":[{"embeddable":true,"href":"https:\/\/mediarun.com\/pl\/wp-json\/wp\/v2\/comments?post=63281"}],"version-history":[{"count":0,"href":"https:\/\/mediarun.com\/pl\/wp-json\/wp\/v2\/posts\/63281\/revisions"}],"wp:featuredmedia":[{"embeddable":true,"href":"https:\/\/mediarun.com\/pl\/wp-json\/wp\/v2\/media\/63282"}],"wp:attachment":[{"href":"https:\/\/mediarun.com\/pl\/wp-json\/wp\/v2\/media?parent=63281"}],"wp:term":[{"taxonomy":"category","embeddable":true,"href":"https:\/\/mediarun.com\/pl\/wp-json\/wp\/v2\/categories?post=63281"},{"taxonomy":"post_tag","embeddable":true,"href":"https:\/\/mediarun.com\/pl\/wp-json\/wp\/v2\/tags?post=63281"}],"curies":[{"name":"wp","href":"https:\/\/api.w.org\/{rel}","templated":true}]}}