{"id":6324,"date":"2012-05-15T12:38:30","date_gmt":"2012-05-15T10:38:30","guid":{"rendered":"https:\/\/mediarun.com\/index.php\/news-posts\/kontrowersyjny-komentarz-kuzniara-podczas-x-factor\/"},"modified":"2012-05-15T12:38:30","modified_gmt":"2012-05-15T10:38:30","slug":"kontrowersyjny-komentarz-kuzniara-podczas-x-factor","status":"publish","type":"post","link":"https:\/\/mediarun.com\/pl\/inne\/kontrowersyjny-komentarz-kuzniara-podczas-x-factor.html","title":{"rendered":"Kontrowersyjny komentarz Ku\u017aniara podczas &#8222;X Factor&#8221;"},"content":{"rendered":"<p>Podczas sobotniego odcinka &#8222;X Factor&#8221;, Marcin Spenner, jeden z uczestnik&oacute;w programu, za\u015bpiewa\u0142 piosenk\u0119 Patricka Swayze &#8222;She&#8217;s like a wind&#8221; z filmu &#8222;Dirty Dancing&#8221;.<\/p>\n<p>Po jego wyst\u0119pie Jaros\u0142aw Ku\u017aniar powiedzia\u0142:&nbsp;&#8222;Dobrze, \u017ce w sk\u0142adzie naszego jury nie ma Patricka Swayze, bo podejrzewam, \u017ce musieliby\u015bmy go reanimowa\u0107&#8221;.<\/p>\n<p>Patryk Swayze zmar\u0142 we wrze\u015bniu 2009 r. Aktor przegra\u0142 walk\u0119 z nowotworem trzustki.<\/p>\n<p>To nie jest pierwszy kontrowersyjny komentarz jaki zosta\u0142 wypowiedziany z ust Ku\u017aniara podczas &#8222;X Factora&#8221;. W pierwszej edycji show, dziennikarz niepochlebnie wyrazi\u0142 si\u0119 o Michale Szpaku, finali\u015bcie programu.<\/p>\n<p>&#8211; &#8222;O k***a co to wysz\u0142o? Ch\u0142op czy baba? Michalina jaka\u015b?&#8221; &#8211; tak zdaniem Szpaka Ku\u017aniar skomentowa\u0142 jego wyj\u015bcie na scen\u0119.<\/p>\n<p>Dziennikarz zaprzeczy\u0142 tym s\u0142owom, t\u0142umacz\u0105c, \u017ce jak zobaczy\u0142 Szpaka to za kulisami powiedzia\u0142, \u017ce nie by\u0142 pewny czy piosenkarz jest ch\u0142opakiem czy dziewczyn\u0105, ale nie u\u017cy\u0142 obra\u017aliwego s\u0142owa.<\/p>\n<p>&#8222;X Factor&#8221; to program muzyczny, emitowany w stacji TVN od marca 2011 roku. Wed\u0142ug danych Nielsen Audience Measurement, przygotowanych dla Mediarun.pl, pierwsza edycja show gromadzi\u0142a przed telewizorami \u015brednio 4,48 mln widz&oacute;w.<\/p>\n","protected":false},"excerpt":{"rendered":"Jaros\u0142aw Ku\u017aniar w ostatnim odcinku &#8222;X Factor&#8221; (12 maja br.) za\u017cartowa\u0142 na temat nie\u017cyj\u0105cego ju\u017c Patricka Swayze.","protected":false},"author":1,"featured_media":6325,"comment_status":"open","ping_status":"closed","sticky":false,"template":"","format":"standard","meta":{"csco_display_header_overlay":false,"csco_singular_sidebar":"","csco_page_header_type":"","csco_page_load_nextpost":"","csco_post_video_location":[],"csco_post_video_location_hash":"","csco_post_video_url":"","csco_post_video_bg_start_time":0,"csco_post_video_bg_end_time":0,"footnotes":""},"categories":[47],"tags":[98,319],"class_list":{"0":"post-6324","1":"post","2":"type-post","3":"status-publish","4":"format-standard","5":"has-post-thumbnail","7":"category-inne","8":"tag-tvn","9":"tag-x-factor","10":"cs-entry","11":"cs-video-wrap"},"_links":{"self":[{"href":"https:\/\/mediarun.com\/pl\/wp-json\/wp\/v2\/posts\/6324","targetHints":{"allow":["GET"]}}],"collection":[{"href":"https:\/\/mediarun.com\/pl\/wp-json\/wp\/v2\/posts"}],"about":[{"href":"https:\/\/mediarun.com\/pl\/wp-json\/wp\/v2\/types\/post"}],"author":[{"embeddable":true,"href":"https:\/\/mediarun.com\/pl\/wp-json\/wp\/v2\/users\/1"}],"replies":[{"embeddable":true,"href":"https:\/\/mediarun.com\/pl\/wp-json\/wp\/v2\/comments?post=6324"}],"version-history":[{"count":0,"href":"https:\/\/mediarun.com\/pl\/wp-json\/wp\/v2\/posts\/6324\/revisions"}],"wp:featuredmedia":[{"embeddable":true,"href":"https:\/\/mediarun.com\/pl\/wp-json\/wp\/v2\/media\/6325"}],"wp:attachment":[{"href":"https:\/\/mediarun.com\/pl\/wp-json\/wp\/v2\/media?parent=6324"}],"wp:term":[{"taxonomy":"category","embeddable":true,"href":"https:\/\/mediarun.com\/pl\/wp-json\/wp\/v2\/categories?post=6324"},{"taxonomy":"post_tag","embeddable":true,"href":"https:\/\/mediarun.com\/pl\/wp-json\/wp\/v2\/tags?post=6324"}],"curies":[{"name":"wp","href":"https:\/\/api.w.org\/{rel}","templated":true}]}}