{"id":63032,"date":"2007-05-16T06:00:00","date_gmt":"2007-05-16T04:00:00","guid":{"rendered":"https:\/\/mediarun.com\/index.php\/news-posts\/macieja-pokieruje-wiadomosciami\/"},"modified":"2007-05-16T06:00:00","modified_gmt":"2007-05-16T04:00:00","slug":"macieja-pokieruje-wiadomosciami","status":"publish","type":"post","link":"https:\/\/mediarun.com\/pl\/media\/tv\/macieja-pokieruje-wiadomosciami.html","title":{"rendered":"Macieja pokieruje &quot;Wiadomo\u015bciami&quot;"},"content":{"rendered":"<p><P>Dorota Macieja, nowy szef &#8222;Wiadomo\u015bci&#8221;, od wrze\u015bnia ubieg\u0142ego roku pracowa\u0142a w TVP jako kierownik redakcji w TVP3 Warszawa. Aneta Wrona, rzecznik prasowy TVP, nie ujawnia, kto zast\u0105pi Maciej\u0119 na tym stanowisku.<\/P><br \/>\n<P>Macieja wcze\u015bniej by\u0142a m.in. publicystk\u0105 Wprost, zast\u0119pc\u0105 szefa dzia\u0142u politycznego w \u017byciu Warszawy i Dzienniku. Wsp\u00f3\u0142pracowa\u0142a tak\u017ce z programem Tomasza Lisa &#8222;Co z t\u0105 Polsk\u0105?&#8221;.<\/P><br \/>\n<P>Grzegorz Kozak, kt\u00f3ry zosta\u0142 zast\u0119pc\u0105 szefa &#8222;Wiadomo\u015bci&#8221; TVP1, od 2005 roku by\u0142 wydawc\u0105 programu. W Telewizji Polskiej by\u0142 dotychczas m.in. autorem serwisu zagranicznego &#8222;Teleexpresu&#8221;, wydawc\u0105 i prezenterem &#8222;Wiadomo\u015bci&#8221; i &#8222;Panoramy&#8221;, a tak\u017ce korespondentem TVP w Moskwie.<\/P><br \/>\n<P>Dotychczas szefem zespo\u0142u &#8222;Wiadomo\u015bci&#8221; TVP1 by\u0142 Rados\u0142aw Rybi\u0144ski, kt\u00f3ry kierowa\u0142 nim od ko\u0144ca maja ubieg\u0142ego roku do dzi\u015b. Aneta Wrona t\u0142umaczy nam, \u017ce Rybi\u0144ski z\u0142o\u017cy\u0142 wypowiedzenie w marcu, ale pomimo tego dalej by\u0142&nbsp;szefem programu. Jego okres wypowiedzenia w TVP potrwa do ko\u0144ca czerwca.<\/P><\/p>\n","protected":false},"excerpt":{"rendered":"Dorota Macieja jest od wtorku szefow\u0105 &quot;Wiadomo\u015bci&quot; telewizyjnej Jedynki. Macieja zast\u0105pi\u0142a na tym stanowisku Rados\u0142awa Rybi\u0144skiego.","protected":false},"author":1,"featured_media":63033,"comment_status":"open","ping_status":"closed","sticky":false,"template":"","format":"standard","meta":{"csco_display_header_overlay":false,"csco_singular_sidebar":"","csco_page_header_type":"","csco_page_load_nextpost":"","csco_post_video_location":[],"csco_post_video_location_hash":"","csco_post_video_url":"","csco_post_video_bg_start_time":0,"csco_post_video_bg_end_time":0,"footnotes":""},"categories":[9670],"tags":[558,3121,1096,348],"class_list":{"0":"post-63032","1":"post","2":"type-post","3":"status-publish","4":"format-standard","5":"has-post-thumbnail","7":"category-tv","8":"tag-tvp1","9":"tag-tvp3","10":"tag-wiadomosci","11":"tag-wprost","12":"cs-entry","13":"cs-video-wrap"},"_links":{"self":[{"href":"https:\/\/mediarun.com\/pl\/wp-json\/wp\/v2\/posts\/63032","targetHints":{"allow":["GET"]}}],"collection":[{"href":"https:\/\/mediarun.com\/pl\/wp-json\/wp\/v2\/posts"}],"about":[{"href":"https:\/\/mediarun.com\/pl\/wp-json\/wp\/v2\/types\/post"}],"author":[{"embeddable":true,"href":"https:\/\/mediarun.com\/pl\/wp-json\/wp\/v2\/users\/1"}],"replies":[{"embeddable":true,"href":"https:\/\/mediarun.com\/pl\/wp-json\/wp\/v2\/comments?post=63032"}],"version-history":[{"count":0,"href":"https:\/\/mediarun.com\/pl\/wp-json\/wp\/v2\/posts\/63032\/revisions"}],"wp:featuredmedia":[{"embeddable":true,"href":"https:\/\/mediarun.com\/pl\/wp-json\/wp\/v2\/media\/63033"}],"wp:attachment":[{"href":"https:\/\/mediarun.com\/pl\/wp-json\/wp\/v2\/media?parent=63032"}],"wp:term":[{"taxonomy":"category","embeddable":true,"href":"https:\/\/mediarun.com\/pl\/wp-json\/wp\/v2\/categories?post=63032"},{"taxonomy":"post_tag","embeddable":true,"href":"https:\/\/mediarun.com\/pl\/wp-json\/wp\/v2\/tags?post=63032"}],"curies":[{"name":"wp","href":"https:\/\/api.w.org\/{rel}","templated":true}]}}