{"id":63001,"date":"2007-05-16T19:13:42","date_gmt":"2007-05-16T17:13:42","guid":{"rendered":"https:\/\/mediarun.com\/index.php\/news-posts\/bauer-zmiany-w-segmencie-pism-tv-2\/"},"modified":"2007-05-16T19:13:42","modified_gmt":"2007-05-16T17:13:42","slug":"bauer-zmiany-w-segmencie-pism-tv-2","status":"publish","type":"post","link":"https:\/\/mediarun.com\/pl\/media\/prasa\/bauer-zmiany-w-segmencie-pism-tv-2.html","title":{"rendered":"Bauer: zmiany w segmencie pism TV"},"content":{"rendered":"<p>Jerzy Weber jako doradca b\u0119dzie m.in. zajmowa\u0142 si\u0119 kontaktami ze stacjami telewizyjnymi i imprezami medialnymi w segmencie TV, w tym Telekamerami Tele Tygodnia.<\/p>\n<p>Andrzej Florczak w zwi\u0105zku z innymi planami zawodowymi odszed\u0142 z Bauera.<\/p>\n<p>Za ca\u0142y segment pism telewizyjnych wydawnictwa odpowiada\u0107 b\u0119dzie dyrektor wydawniczy Adam Wilk.<\/p>\n","protected":false},"excerpt":{"rendered":"Jerzy Weber, wydawca pism telewizyjnych Bauera, przechodzi na emerytur\u0119 i obejmie stanowisko doradcy koncernu. Z kolei Adam Florczak, dyrektor wydawniczy tygodnika To&#038;Owo, podj\u0105\u0142 decyzj\u0119 o rozstaniu z Bauerem.","protected":false},"author":1,"featured_media":63002,"comment_status":"open","ping_status":"closed","sticky":false,"template":"","format":"standard","meta":{"csco_display_header_overlay":false,"csco_singular_sidebar":"","csco_page_header_type":"","csco_page_load_nextpost":"","csco_post_video_location":[],"csco_post_video_location_hash":"","csco_post_video_url":"","csco_post_video_bg_start_time":0,"csco_post_video_bg_end_time":0,"footnotes":""},"categories":[9673],"tags":[],"class_list":{"0":"post-63001","1":"post","2":"type-post","3":"status-publish","4":"format-standard","5":"has-post-thumbnail","7":"category-prasa","8":"cs-entry","9":"cs-video-wrap"},"_links":{"self":[{"href":"https:\/\/mediarun.com\/pl\/wp-json\/wp\/v2\/posts\/63001","targetHints":{"allow":["GET"]}}],"collection":[{"href":"https:\/\/mediarun.com\/pl\/wp-json\/wp\/v2\/posts"}],"about":[{"href":"https:\/\/mediarun.com\/pl\/wp-json\/wp\/v2\/types\/post"}],"author":[{"embeddable":true,"href":"https:\/\/mediarun.com\/pl\/wp-json\/wp\/v2\/users\/1"}],"replies":[{"embeddable":true,"href":"https:\/\/mediarun.com\/pl\/wp-json\/wp\/v2\/comments?post=63001"}],"version-history":[{"count":0,"href":"https:\/\/mediarun.com\/pl\/wp-json\/wp\/v2\/posts\/63001\/revisions"}],"wp:featuredmedia":[{"embeddable":true,"href":"https:\/\/mediarun.com\/pl\/wp-json\/wp\/v2\/media\/63002"}],"wp:attachment":[{"href":"https:\/\/mediarun.com\/pl\/wp-json\/wp\/v2\/media?parent=63001"}],"wp:term":[{"taxonomy":"category","embeddable":true,"href":"https:\/\/mediarun.com\/pl\/wp-json\/wp\/v2\/categories?post=63001"},{"taxonomy":"post_tag","embeddable":true,"href":"https:\/\/mediarun.com\/pl\/wp-json\/wp\/v2\/tags?post=63001"}],"curies":[{"name":"wp","href":"https:\/\/api.w.org\/{rel}","templated":true}]}}