{"id":6300,"date":"2012-05-16T18:09:33","date_gmt":"2012-05-16T16:09:33","guid":{"rendered":"https:\/\/mediarun.com\/index.php\/news-posts\/to-zdjecie-wygralo-grand-press-photo-2012\/"},"modified":"2012-05-16T18:09:33","modified_gmt":"2012-05-16T16:09:33","slug":"to-zdjecie-wygralo-grand-press-photo-2012","status":"publish","type":"post","link":"https:\/\/mediarun.com\/pl\/media\/prasa\/to-zdjecie-wygralo-grand-press-photo-2012.html","title":{"rendered":"To zdj\u0119cie wygra\u0142o Grand Press Photo 2012"},"content":{"rendered":"<p>Nagrodzona fotografia (wykonana w maju u.br.) ukazuje prace ekshumacyjne prowadzone od 2011 roku na cmentarzu w Bykowni (Ukraina), na kt&oacute;rym odkryto groby ok. 3,5 tys. zamordowanych Polak&oacute;w. Mordu na polskim narodzie dokonano na rozkaz w\u0142adz ZSRR dnia 5 marca 1940 roku.&nbsp;<\/p>\n<p>Zwyci\u0119skie zdj\u0119cie jest cz\u0119\u015bci\u0105 fotoreporta\u017cu, kt&oacute;ry w kategorii \u017bycie codzienne zaj\u0105\u0142 pierwsze miejsce.&nbsp;<\/p>\n<p>Takiego wyboru dokona\u0142o jury, kt&oacute;remu w tym roku przewodniczy\u0142a Jodi Bieber, fotoreporterka z Republiki Po\u0142udniowej Afryki, autorka zwyci\u0119skiego zdj\u0119cia w konkursie World Press Photo w 2011 roku. Opr&oacute;cz niej zdj\u0119cia oceniali: Filip \u0106wik (Napo Images, Newsweek Polska), Maciek Nabrdalik (VII Photo), Chris Niedenthal, Andrej Reiser (Czech Press Photo), Tomasz Wierzejski (Fotonova).<\/p>\n<p>&#8211; Zdj\u0119cie Roku jest bardzo symboliczne i odnosi si\u0119 do tego co u nas w Polsce wci\u0105\u017c jest wa\u017cnym tematem, czyli do sprawy Katynia (&#8230;) Porusza bardzo powa\u017cny dla wszystkich temat, a jednocze\u015bnie jako obraz jest subtelne i delikatne &#8211; komentuje nagrodzone zdj\u0119cie Jodi Bieber.<\/p>\n<p>W konkursie Grand Press Photo 2012, opr&oacute;cz Zdj\u0119cie Roku, wybrano r&oacute;znie\u017c najlepsze fotografie w kategoriach: Ludzie, Wydarzenia, \u017bycie codzienne, Sport, Przyroda. Nagrodzono tak\u017ce fotoreporta\u017ce i fotokasty.<\/p>\n<p>Wszystkie nagrodzone zdj\u0119cia mo\u017cna obejrze\u0107 na stronie <a rel=\"nofollow noopener\" href=\"http:\/\/www.grandpressphoto.pl\/\" target=\"_blank\"><strong>www.grandpressphoto.pl<\/strong><\/a>.<\/p>\n<p>Konkurs Grand Press Photo organizowany jest od 2004 roku przez magazyn Press.<\/p>\n","protected":false},"excerpt":{"rendered":"Zdj\u0119cie Maksymiliana Rigamontiego, fotoreportera tygodnika Newsweek Polska, zwyci\u0119\u017cy\u0142o w tegorocznej edycji konkursu Grand Press Photo.","protected":false},"author":1,"featured_media":6301,"comment_status":"open","ping_status":"closed","sticky":false,"template":"","format":"standard","meta":{"csco_display_header_overlay":false,"csco_singular_sidebar":"","csco_page_header_type":"","csco_page_load_nextpost":"","csco_post_video_location":[],"csco_post_video_location_hash":"","csco_post_video_url":"","csco_post_video_bg_start_time":0,"csco_post_video_bg_end_time":0,"footnotes":""},"categories":[9673],"tags":[1142],"class_list":{"0":"post-6300","1":"post","2":"type-post","3":"status-publish","4":"format-standard","5":"has-post-thumbnail","7":"category-prasa","8":"tag-press","9":"cs-entry","10":"cs-video-wrap"},"_links":{"self":[{"href":"https:\/\/mediarun.com\/pl\/wp-json\/wp\/v2\/posts\/6300","targetHints":{"allow":["GET"]}}],"collection":[{"href":"https:\/\/mediarun.com\/pl\/wp-json\/wp\/v2\/posts"}],"about":[{"href":"https:\/\/mediarun.com\/pl\/wp-json\/wp\/v2\/types\/post"}],"author":[{"embeddable":true,"href":"https:\/\/mediarun.com\/pl\/wp-json\/wp\/v2\/users\/1"}],"replies":[{"embeddable":true,"href":"https:\/\/mediarun.com\/pl\/wp-json\/wp\/v2\/comments?post=6300"}],"version-history":[{"count":0,"href":"https:\/\/mediarun.com\/pl\/wp-json\/wp\/v2\/posts\/6300\/revisions"}],"wp:featuredmedia":[{"embeddable":true,"href":"https:\/\/mediarun.com\/pl\/wp-json\/wp\/v2\/media\/6301"}],"wp:attachment":[{"href":"https:\/\/mediarun.com\/pl\/wp-json\/wp\/v2\/media?parent=6300"}],"wp:term":[{"taxonomy":"category","embeddable":true,"href":"https:\/\/mediarun.com\/pl\/wp-json\/wp\/v2\/categories?post=6300"},{"taxonomy":"post_tag","embeddable":true,"href":"https:\/\/mediarun.com\/pl\/wp-json\/wp\/v2\/tags?post=6300"}],"curies":[{"name":"wp","href":"https:\/\/api.w.org\/{rel}","templated":true}]}}