{"id":6298,"date":"2012-05-16T19:35:26","date_gmt":"2012-05-16T17:35:26","guid":{"rendered":"https:\/\/mediarun.com\/index.php\/news-posts\/kfpp-2012-w-opolu-mann-z-synem-na-scenie\/"},"modified":"2012-05-16T19:35:26","modified_gmt":"2012-05-16T17:35:26","slug":"kfpp-2012-w-opolu-mann-z-synem-na-scenie","status":"publish","type":"post","link":"https:\/\/mediarun.com\/pl\/media\/tv\/kfpp-2012-w-opolu-mann-z-synem-na-scenie.html","title":{"rendered":"KFPP 2012 w Opolu: Mann z synem na scenie"},"content":{"rendered":"<p>Koncert transmitowany b\u0119dzie 1 czerwca br. od godz. 20.20, a 2 czerwca br. od godz. 20.25 na antenie TVP1.&nbsp;<\/p>\n<p>&#8211; Zaskoczymy nowoczesnymi aran\u017cacjami, ciekawymi interpretacjami znanych piosenek. Kamil Bednarek z piosenki Skald&oacute;w pt. &#8222;Wszystko mi m&oacute;wi, \u017ce mnie kto\u015b pokocha\u0142&#8221; zrobi swoje reggae, Mezo ze swoim zespo\u0142em zaprezentuje z rapowym tekstem przeb&oacute;j &#8222;Trzynastego&#8221; z repertuaru Kasi Sobczyk i Czerwono-Czarnych, a zesp&oacute;\u0142 Plan rockowo zrobi utw&oacute;r &#8222;Niedziela b\u0119dzie dla nas&#8221;, kt&oacute;ry w oryginalnej wersji wykonali Wojciech Korda i Niebiesko-Czarni. My\u015bl\u0119, \u017ce widownia b\u0119dzie ta\u0144czy\u0142a pogo i to b\u0119dzie czad! &#8211; zapowiada Leszek Kuma\u0144ski, jeden z re\u017cyser&oacute;w tegorocznych koncert&oacute;w KFPP 2012 w Opolu.&nbsp;<\/p>\n<p>Festiwal zainauguruje show z przebojami lat 60. &#8211; &#8222;Szalone lata 60!&#8221;. Koncert poprowadzi Wojciech Mann wraz z synem &#8211; Marcinem.<\/p>\n<p>&#8211; Ceni\u0119 Wojciecha Manna za jego inteligencj\u0119, poczucie humoru. Jest b\u0142yskotliwy, wykszta\u0142cony, inteligentny i kompetentny. Poza tym lata 60. to czasy jego m\u0142odo\u015bci i okres, w kt&oacute;rym debiutowa\u0142 w Rozg\u0142o\u015bni Harcerskiej Polskiego Radia. A cz\u0142owiek o swoich latach m\u0142odo\u015bci wspomina najwspanialej &#8211; tak w rozmowie z Mediarun.pl Kuma\u0144ski komentuje udzia\u0142 Manna w KFPP 2012 w Opolu.<\/p>\n<p>&#8211; Jego syn &#8211; Marcin, czyli osoba z pokolenia dwudziestoparoletnich ludzi zupe\u0142nie inaczej patrzy na sentymenty swoich rodzic&oacute;w. Marcin podczas koncertu b\u0119dzie pr&oacute;bowa\u0142 jakby troch\u0119 sprowadza\u0107 &#8222;na ziemi\u0119&#8221; &#8222;du\u017cego&#8221; Manna, b\u0119dzie go tak\u017ce prowokowa\u0142 oraz  przekomarza\u0142 si\u0119 z nim. My\u015bl\u0119, \u017ce to b\u0119dzie taki dialog dw&oacute;ch pokole\u0144 &#8211; dodaje.<\/p>\n<p>W drugim koncercie pt. &#8222;Kora, Tr&oacute;jka i Debiuty &#8211; 30. urodziny Listy Przeboj&oacute;w&#8221; wyst\u0105pi\u0105 debiutanci, kt&oacute;rych wy\u0142oni\u0142a radiowa Tr&oacute;jka. Z okazji 30-lecia &#8222;Listy Przeboj&oacute;w Tr&oacute;jki&#8221; arty\u015bci koncertu, na potrzeby opolskich debiut&oacute;w, przygotuj\u0105 swoje interpretacje najwi\u0119kszych hit&oacute;w, kt&oacute;re przez lata \u015bwi\u0119ci\u0142y sukcesy na li\u015bcie. Koncert prowadzony b\u0119dzie przez Marka Nied\u017awieckiego i Artura Andrusa. Ze specjalnym mini-recitalem wyst\u0105pi Kora, kt&oacute;rej piosenka pojawi\u0142a si\u0119 w pierwszym, historycznym notowaniu Tr&oacute;jki.<\/p>\n<p>Trzecim koncertem podczas pierwszego dnia Festiwalu b\u0119dzie przegl\u0105d piosenek legendy muzyki rockowej &#8211; Kazika Staszewskiego, kt&oacute;ry po raz pierwszy wyst\u0105pi na Festiwalu w Opolu. &#8222;KULTowePRZEBOJE&#8221; to recital  przeboj&oacute;w Kultu.<\/p>\n<p>Koncertem otwieraj\u0105cym dzie\u0144 drugi Festiwalu b\u0119d\u0105 &#8222;SuperPremiery&#8221;, podczas kt&oacute;rego wykonane zostan\u0105 nowe przebojowe kompozycje znanych gwiazd. Koncert poprowadz\u0105: Anna Czartoryska, Halinka Mlynkova i Anna Dereszowska.<\/p>\n<p>&#8222;SuperJedynki&#8221; to tak\u017ce plebiscyt. W tym roku polskie gwiazdy walcz\u0105 o laur w pi\u0119ciu kategoriach: SuperArtysta, SuperArtystka, SuperPrzeb&oacute;j, SuperZesp&oacute;\u0142, SuperAlbum. Gospodarzami koncertu b\u0119d\u0105: Artur Orzech, Radzimir D\u0119bski, Maria Szab\u0142owska i Pawe\u0142 Sztompke.<\/p>\n<p>Tegoroczny &#8211; 49. KFPP w Opolu zamknie widowisko pt. &#8222;Kabaret-TYM i SuperTeam&#8221;, w kt&oacute;rym Stanis\u0142aw Tym przedstawi program kabaretowy sk\u0142adaj\u0105cy si\u0119 ze skeczy i znanych piosenek. Koncert ten u\u015bwietni\u0105 m.in.: Janusz Gajos, Krystyna Janda, Maciej Stuhr i Wiktor Zborowski.<\/p>\n<p>Produkcj\u0105 Festiwalu zaj\u0119\u0142a si\u0119 Agencja Produkcji Telewizyjnej TVP.<\/p>\n","protected":false},"excerpt":{"rendered":"Podczas tegorocznego KFPP w Opolu (1 i 2 czerwca br.) na muzycznej scenie zaprezentuj\u0105 si\u0119 m.in.: Kasia Kowalska, Kamil Bednarek, Ewa Farna, Micha\u0142 Szpak, Mezo, Ania Rusowicz, Kora, Kult oraz Stanis\u0142aw Tym.&nbsp;","protected":false},"author":1,"featured_media":6299,"comment_status":"open","ping_status":"closed","sticky":false,"template":"","format":"standard","meta":{"csco_display_header_overlay":false,"csco_singular_sidebar":"","csco_page_header_type":"","csco_page_load_nextpost":"","csco_post_video_location":[],"csco_post_video_location_hash":"","csco_post_video_url":"","csco_post_video_bg_start_time":0,"csco_post_video_bg_end_time":0,"footnotes":""},"categories":[9670],"tags":[392,558],"class_list":{"0":"post-6298","1":"post","2":"type-post","3":"status-publish","4":"format-standard","5":"has-post-thumbnail","7":"category-tv","8":"tag-tvp","9":"tag-tvp1","10":"cs-entry","11":"cs-video-wrap"},"_links":{"self":[{"href":"https:\/\/mediarun.com\/pl\/wp-json\/wp\/v2\/posts\/6298","targetHints":{"allow":["GET"]}}],"collection":[{"href":"https:\/\/mediarun.com\/pl\/wp-json\/wp\/v2\/posts"}],"about":[{"href":"https:\/\/mediarun.com\/pl\/wp-json\/wp\/v2\/types\/post"}],"author":[{"embeddable":true,"href":"https:\/\/mediarun.com\/pl\/wp-json\/wp\/v2\/users\/1"}],"replies":[{"embeddable":true,"href":"https:\/\/mediarun.com\/pl\/wp-json\/wp\/v2\/comments?post=6298"}],"version-history":[{"count":0,"href":"https:\/\/mediarun.com\/pl\/wp-json\/wp\/v2\/posts\/6298\/revisions"}],"wp:featuredmedia":[{"embeddable":true,"href":"https:\/\/mediarun.com\/pl\/wp-json\/wp\/v2\/media\/6299"}],"wp:attachment":[{"href":"https:\/\/mediarun.com\/pl\/wp-json\/wp\/v2\/media?parent=6298"}],"wp:term":[{"taxonomy":"category","embeddable":true,"href":"https:\/\/mediarun.com\/pl\/wp-json\/wp\/v2\/categories?post=6298"},{"taxonomy":"post_tag","embeddable":true,"href":"https:\/\/mediarun.com\/pl\/wp-json\/wp\/v2\/tags?post=6298"}],"curies":[{"name":"wp","href":"https:\/\/api.w.org\/{rel}","templated":true}]}}