{"id":62742,"date":"2007-05-23T06:00:00","date_gmt":"2007-05-23T04:00:00","guid":{"rendered":"https:\/\/mediarun.com\/index.php\/news-posts\/do-kogo-skierowany-jest-wall-street-journal\/"},"modified":"2007-05-23T06:00:00","modified_gmt":"2007-05-23T04:00:00","slug":"do-kogo-skierowany-jest-wall-street-journal","status":"publish","type":"post","link":"https:\/\/mediarun.com\/pl\/ludzie\/wywiad\/do-kogo-skierowany-jest-wall-street-journal.html","title":{"rendered":"Do kogo skierowany jest Wall Street Journal?"},"content":{"rendered":"<p><P><STRONG>Krzysztof Bie\u0144, zast\u0119pca redaktora naczelnego, Gazeta Prawna:<\/STRONG><BR>Konkurencji nie nale\u017cy nie docenia\u0107, ale pierwszy numer rozczarowuje. Nie wida\u0107 w nim jakiej\u015b szczeg\u00f3lnej my\u015bli, nie wiadomo czym ma zach\u0119ca\u0107 mened\u017cerow do przyci\u0105gni\u0119cia do Dziennika, a dotychczasowych czytelnik\u00f3w Dziennika do si\u0119gni\u0119cia po dodatek. <BR><BR>Z rodzimego Walla nie ma \u015bwie\u017cych zapo\u017cycze\u0144. Chocia\u017c w pierwszym numerze warto by\u0142oby da\u0107 cos co jest tego dnia tez na stole u mamusi. Opiniotw\u00f3rczy nie jest na razie, bo nie ma opinii. Dyskusja d\u0142uga, ale jaka\u015b taka niskotemperaturowa. Du\u017co samochwalstwa, ale co dalej zobaczymy. Nie lekcewa\u017cymy. Wielu autor\u00f3w znamy, wiec wiemy na co ich sta\u0107.<BR><BR><BR><STRONG>Joanna Solska, wiceprezes, Polityka:<\/STRONG><BR>Projekt mo\u017ce przyci\u0105gn\u0105\u0107 reklamodawc\u00f3w, ale musi by\u0107 lepszy. Wyra\u017anie zwieraj\u0105 si\u0119 z Rzep\u0105, ale ta &#8211; cho\u0107 zielone teksty ci\u0105gle s\u0105 s\u0142abe &#8211; jest bardziej klarowna. Nie wiem dla kogo ma by\u0107 WSJ &#8211; dla czytelnik\u00f3w dobrze orientuj\u0105cych si\u0119 w problematyce ekonomicznej, czy te\u017c ma gospodark\u0119 przybli\u017cy\u0107 tym s\u0142abiej zorientowanym.<BR><BR><BR><STRONG>Tomasz Bonek, redaktor naczelny, Money.pl:<\/STRONG><BR>Wydanie wk\u0142adki Wall Street Journal to &#8211; moim zdaniem &#8211; presti\u017cowa decyzja redakcji Dziennika. Wsp\u00f3\u0142praca z jednym z najbardziej opiniotw\u00f3rczych dziennik\u00f3w ekonomicznych na \u015bwiecie nobilituje i zobowi\u0105zuje. To dobra, znana marka, kt\u00f3ra u\u0142atwia start na rynku. Ch\u0119tnie b\u0119d\u0119 czyta\u0142 materia\u0142y przygotowywane przez koleg\u00f3w z WSJ Polska. W\u0105tpi\u0119 jednak w spektakularny sukces tego przedsi\u0119wzi\u0119cia. <BR><BR>Nie s\u0105dz\u0119, aby ten dodatek odebra\u0142 wielu czytelnik\u00f3w pozosta\u0142ym gazetom codziennym dost\u0119pnym w Polsce. Uwa\u017cam, \u017ce nie jest w stanie walczy\u0107 z Parkietem, bo prezentuje zupe\u0142nie inne informacje. Mo\u017ce zainteresuj\u0105 si\u0119 nim studenci, szukaj\u0105cych informacji finansowych ze \u015bwiata. Managerowie, szczeg\u00f3lnie ci ze \u015bwiata finans\u00f3w, szukaj\u0105 jednak czego\u015b wi\u0119cej, wi\u0119c najcz\u0119\u015bciej czytaj\u0105 Wall Street Journal w oryginale.<BR><BR><BR><STRONG>Dariusz Sachajko, head of print, Universal McCann:<\/STRONG><BR>WSJ to chwytliwy tytu\u0142 i na pewno wesprze wizerunkowo cz\u0119\u015b\u0107 gospodarcz\u0105 Dziennika. My\u015bl\u0119, \u017ce reklamodawcy nie b\u0119d\u0105 mieli problemu z umieszczaniem reklam w dodatku. Dla przeci\u0119tnego czytelnika Dziennika logo WSJ mo\u017ce mie\u0107 jednak mniejsze znaczenie ni\u017c dla innych dziennik\u00f3w opiniotw\u00f3rczych. Przypomn\u0119, \u017ce wype\u0142nia luk\u0119 pomi\u0119dzy GW a tabloidami je\u015bli chodzi o struktur\u0119 czytelnik\u00f3w. <BR><BR>Druga sprawa, na kt\u00f3r\u0105 warto przy tej okazji zwr\u00f3ci\u0107 uwag\u0119 to fakt, \u017ce par\u0119 lat temu analogiczny dodatek wprowadzi\u0142a GW. Wycofa\u0142a go po jakim\u015b czasie. By\u0107 mo\u017ce zdecydowa\u0142 wtedy o tym kryzys na rynku reklamowym i teraz konkurentowi mimo wszystko powiedzie si\u0119 lepiej.<\/P><\/p>\n","protected":false},"excerpt":{"rendered":"Od wczoraj do Dziennika do\u0142\u0105czany jest dodatek Wall Street Journal Polska. Na nasz\u0105 pro\u015bb\u0119 oceniaj\u0105 go m.in. przedstawiciele Gazety Prawnej, Polityki i Money.pl.","protected":false},"author":1,"featured_media":62743,"comment_status":"open","ping_status":"closed","sticky":false,"template":"","format":"standard","meta":{"csco_display_header_overlay":false,"csco_singular_sidebar":"","csco_page_header_type":"","csco_page_load_nextpost":"","csco_post_video_location":[],"csco_post_video_location_hash":"","csco_post_video_url":"","csco_post_video_bg_start_time":0,"csco_post_video_bg_end_time":0,"footnotes":""},"categories":[45],"tags":[967],"class_list":{"0":"post-62742","1":"post","2":"type-post","3":"status-publish","4":"format-standard","5":"has-post-thumbnail","7":"category-wywiad","8":"tag-money-pl","9":"cs-entry","10":"cs-video-wrap"},"_links":{"self":[{"href":"https:\/\/mediarun.com\/pl\/wp-json\/wp\/v2\/posts\/62742","targetHints":{"allow":["GET"]}}],"collection":[{"href":"https:\/\/mediarun.com\/pl\/wp-json\/wp\/v2\/posts"}],"about":[{"href":"https:\/\/mediarun.com\/pl\/wp-json\/wp\/v2\/types\/post"}],"author":[{"embeddable":true,"href":"https:\/\/mediarun.com\/pl\/wp-json\/wp\/v2\/users\/1"}],"replies":[{"embeddable":true,"href":"https:\/\/mediarun.com\/pl\/wp-json\/wp\/v2\/comments?post=62742"}],"version-history":[{"count":0,"href":"https:\/\/mediarun.com\/pl\/wp-json\/wp\/v2\/posts\/62742\/revisions"}],"wp:featuredmedia":[{"embeddable":true,"href":"https:\/\/mediarun.com\/pl\/wp-json\/wp\/v2\/media\/62743"}],"wp:attachment":[{"href":"https:\/\/mediarun.com\/pl\/wp-json\/wp\/v2\/media?parent=62742"}],"wp:term":[{"taxonomy":"category","embeddable":true,"href":"https:\/\/mediarun.com\/pl\/wp-json\/wp\/v2\/categories?post=62742"},{"taxonomy":"post_tag","embeddable":true,"href":"https:\/\/mediarun.com\/pl\/wp-json\/wp\/v2\/tags?post=62742"}],"curies":[{"name":"wp","href":"https:\/\/api.w.org\/{rel}","templated":true}]}}