{"id":62513,"date":"2007-05-29T06:00:00","date_gmt":"2007-05-29T04:00:00","guid":{"rendered":"https:\/\/mediarun.com\/index.php\/news-posts\/polskie-radio-idzie-na-wschod\/"},"modified":"2007-05-29T06:00:00","modified_gmt":"2007-05-29T04:00:00","slug":"polskie-radio-idzie-na-wschod","status":"publish","type":"post","link":"https:\/\/mediarun.com\/pl\/media\/radio\/polskie-radio-idzie-na-wschod.html","title":{"rendered":"Polskie Radio idzie na wsch\u00f3d"},"content":{"rendered":"<p><P>W tym celu publiczny nadawca chce stworzy\u0107 sp\u00f3\u0142k\u0119 Media West, kt\u00f3ra, za po\u015brednictwem nowych rozg\u0142o\u015bni, mia\u0142aby promowa\u0107 polsk\u0105 kultur\u0119 na wschodzie.<\/P><br \/>\n<P>O pomy\u015ble Polskiego Radia poinformowa\u0142 w poniedzia\u0142ek portal tvn24.pl. Komercyjne stacje radiowe mia\u0142yby by\u0107 kupowane i zak\u0142adane za publiczne pieni\u0105dze. Kilka tygodni temu Polskie Radio zwr\u00f3ci\u0142o si\u0119 do KRRiT o zgod\u0119 na uruchomienie Media West, jednak Rada odm\u00f3wi\u0142a.&nbsp;&#8211; Projekt by\u0142 niedopracowany i zosta\u0142 przez Polskie Radio na razie wycofany&nbsp;&#8211; t\u0142umaczy tvn24.pl El\u017cbieta Kruk, przewodnicz\u0105ca KRRiT.<\/P><br \/>\n<P>Jak informuje tvn24.pl, w pierwszym roku Polskie Radio planowa\u0142o samo finansowa\u0107 sp\u00f3\u0142k\u0119 Media West. Na dalsz\u0105 dzia\u0142alno\u015b\u0107 chcia\u0142o wzi\u0105\u0107 10 mln z\u0142 w papierach warto\u015bciowych od Ministerstwa Skarbu i z rezerwy Kancelarii Premiera, jednak kancelaria nic o tym nie s\u0142ysza\u0142a.<\/P><\/p>\n","protected":false},"excerpt":{"rendered":"Zak\u0142adanie komercyjnych stacji radiowych na \u0141otwie, Bia\u0142orusi i Ukrainie to najnowszy pomys\u0142 Polskiego Radia.","protected":false},"author":1,"featured_media":62514,"comment_status":"open","ping_status":"closed","sticky":false,"template":"","format":"standard","meta":{"csco_display_header_overlay":false,"csco_singular_sidebar":"","csco_page_header_type":"","csco_page_load_nextpost":"","csco_post_video_location":[],"csco_post_video_location_hash":"","csco_post_video_url":"","csco_post_video_bg_start_time":0,"csco_post_video_bg_end_time":0,"footnotes":""},"categories":[9672],"tags":[4986],"class_list":{"0":"post-62513","1":"post","2":"type-post","3":"status-publish","4":"format-standard","5":"has-post-thumbnail","7":"category-radio","8":"tag-tvn-24","9":"cs-entry","10":"cs-video-wrap"},"_links":{"self":[{"href":"https:\/\/mediarun.com\/pl\/wp-json\/wp\/v2\/posts\/62513","targetHints":{"allow":["GET"]}}],"collection":[{"href":"https:\/\/mediarun.com\/pl\/wp-json\/wp\/v2\/posts"}],"about":[{"href":"https:\/\/mediarun.com\/pl\/wp-json\/wp\/v2\/types\/post"}],"author":[{"embeddable":true,"href":"https:\/\/mediarun.com\/pl\/wp-json\/wp\/v2\/users\/1"}],"replies":[{"embeddable":true,"href":"https:\/\/mediarun.com\/pl\/wp-json\/wp\/v2\/comments?post=62513"}],"version-history":[{"count":0,"href":"https:\/\/mediarun.com\/pl\/wp-json\/wp\/v2\/posts\/62513\/revisions"}],"wp:featuredmedia":[{"embeddable":true,"href":"https:\/\/mediarun.com\/pl\/wp-json\/wp\/v2\/media\/62514"}],"wp:attachment":[{"href":"https:\/\/mediarun.com\/pl\/wp-json\/wp\/v2\/media?parent=62513"}],"wp:term":[{"taxonomy":"category","embeddable":true,"href":"https:\/\/mediarun.com\/pl\/wp-json\/wp\/v2\/categories?post=62513"},{"taxonomy":"post_tag","embeddable":true,"href":"https:\/\/mediarun.com\/pl\/wp-json\/wp\/v2\/tags?post=62513"}],"curies":[{"name":"wp","href":"https:\/\/api.w.org\/{rel}","templated":true}]}}