{"id":62498,"date":"2007-05-29T11:36:45","date_gmt":"2007-05-29T09:36:45","guid":{"rendered":"https:\/\/mediarun.com\/index.php\/news-posts\/nowy-felietonista-newsweeka\/"},"modified":"2007-05-29T11:36:45","modified_gmt":"2007-05-29T09:36:45","slug":"nowy-felietonista-newsweeka","status":"publish","type":"post","link":"https:\/\/mediarun.com\/pl\/media\/prasa\/nowy-felietonista-newsweeka.html","title":{"rendered":"Nowy felietonista Newsweeka"},"content":{"rendered":"<p>Tomasz Jastrun b\u0119dzie pisywa\u0142 felietony do Newsweeka co tydzie\u0144. &#8211; Ma prawo pisa\u0107 o wszystkim, na pewno nie tylko o polityce &#8211; m\u00f3wi nam Micha\u0142 Kobosko, redaktor naczelny tygodnika.<\/p>\n<p>&#8211; \u017beby okre\u015bli\u0107 charakter jego zainteresowa\u0144 trzeba przyjrze\u0107 si\u0119 tekstom, kt\u00f3re od lat publikuje w Plus Minusie Rzeczpospolitej pod pseudonimem Smecz &#8211; t\u0142umaczy nam Kobosko. &#8211; Uwa\u017cam, \u017ce taka posta\u0107 i taki spos\u00f3b postrzegania \u015bwiata pasuje do naszego tygodnika, w kt\u00f3rym jest miejsce dla r\u00f3\u017cnych opinii, pogl\u0105d\u00f3w i linii politycznych &#8211; dodaje.<\/p>\n<p>Tomasz Jastrun jest poet\u0105, prozaikiem i publicyst\u0105. Dawniej by\u0142 sta\u0142ym felietonist\u0105 paryskiej Kultury. <\/p>\n","protected":false},"excerpt":{"rendered":"Tomasz Jastrun do\u0142\u0105czy\u0142 do grona felietonist\u00f3w tygodnika Newsweek Polska. Pierwszy tekst poety &#8211; zatytu\u0142owany &#8222;Gen autodestrukcji&#8221; &#8211; ukaza\u0142 si\u0119 w najnowszym numerze pisma, kt\u00f3re od poniedzia\u0142ku dost\u0119pne jest na rynku.","protected":false},"author":1,"featured_media":62499,"comment_status":"open","ping_status":"closed","sticky":false,"template":"","format":"standard","meta":{"csco_display_header_overlay":false,"csco_singular_sidebar":"","csco_page_header_type":"","csco_page_load_nextpost":"","csco_post_video_location":[],"csco_post_video_location_hash":"","csco_post_video_url":"","csco_post_video_bg_start_time":0,"csco_post_video_bg_end_time":0,"footnotes":""},"categories":[9673],"tags":[],"class_list":{"0":"post-62498","1":"post","2":"type-post","3":"status-publish","4":"format-standard","5":"has-post-thumbnail","7":"category-prasa","8":"cs-entry","9":"cs-video-wrap"},"_links":{"self":[{"href":"https:\/\/mediarun.com\/pl\/wp-json\/wp\/v2\/posts\/62498","targetHints":{"allow":["GET"]}}],"collection":[{"href":"https:\/\/mediarun.com\/pl\/wp-json\/wp\/v2\/posts"}],"about":[{"href":"https:\/\/mediarun.com\/pl\/wp-json\/wp\/v2\/types\/post"}],"author":[{"embeddable":true,"href":"https:\/\/mediarun.com\/pl\/wp-json\/wp\/v2\/users\/1"}],"replies":[{"embeddable":true,"href":"https:\/\/mediarun.com\/pl\/wp-json\/wp\/v2\/comments?post=62498"}],"version-history":[{"count":0,"href":"https:\/\/mediarun.com\/pl\/wp-json\/wp\/v2\/posts\/62498\/revisions"}],"wp:featuredmedia":[{"embeddable":true,"href":"https:\/\/mediarun.com\/pl\/wp-json\/wp\/v2\/media\/62499"}],"wp:attachment":[{"href":"https:\/\/mediarun.com\/pl\/wp-json\/wp\/v2\/media?parent=62498"}],"wp:term":[{"taxonomy":"category","embeddable":true,"href":"https:\/\/mediarun.com\/pl\/wp-json\/wp\/v2\/categories?post=62498"},{"taxonomy":"post_tag","embeddable":true,"href":"https:\/\/mediarun.com\/pl\/wp-json\/wp\/v2\/tags?post=62498"}],"curies":[{"name":"wp","href":"https:\/\/api.w.org\/{rel}","templated":true}]}}