{"id":62420,"date":"2007-05-31T00:37:42","date_gmt":"2007-05-30T22:37:42","guid":{"rendered":"https:\/\/mediarun.com\/index.php\/news-posts\/nowe-czestotliwosci-pr\/"},"modified":"2007-05-31T00:37:42","modified_gmt":"2007-05-30T22:37:42","slug":"nowe-czestotliwosci-pr","status":"publish","type":"post","link":"https:\/\/mediarun.com\/pl\/media\/radio\/nowe-czestotliwosci-pr.html","title":{"rendered":"Nowe cz\u0119stotliwo\u015bci PR"},"content":{"rendered":"<p>Proces optymalizacji sieci nadawczych Polskiego Radia zacz\u0105\u0142 si\u0119 w nocy ze \u015brody na czwartek. Zmiany cz\u0119stotliwo\u015bci obejm\u0105 trzy anteny &#8211; radiow\u0105 Jedynk\u0119, Dw\u00f3jk\u0119 i Radio Bis.<\/p>\n<p>Serwis RadioPolska.pl zauwa\u017ca, \u017ce nie by\u0142o si\u0119 bez wpadek. Przez pierwsze 11 minut po p\u00f3\u0142nocy w Warszawie nie mo\u017cna by\u0142o s\u0142ycha\u0107 Radia Bis. Na cz\u0119stotliwo\u015bci 92,0 MHz by\u0142a Dw\u00f3jka, a na 102,4 i 104,9 MHz &#8211; Jedynka.<\/p>\n<p>Polskie Radio dzi\u0119ki temu procesowi chce dotrze\u0107 do wi\u0119kszej grupy s\u0142uchaczy. Zasi\u0119g radiowej Jedynki zwi\u0119kszy si\u0119 kosztem Radia Bis i Dw\u00f3jki.<\/p>\n","protected":false},"excerpt":{"rendered":"&#8211; Mam nadziej\u0119, \u017ce odnajdziecie nas i nasze nowe cz\u0119stotliwo\u015bci &#8211; m\u00f3wi\u0142 w nocy ze \u015brody na czwartek na antenie Radia Bis Tomasz Kosiorek, prezenter rozg\u0142o\u015bni. W\u0142a\u015bnie tej nocy Polskiego Radio zacz\u0119\u0142o proces optymalizacji swoich sieci nadawczych.","protected":false},"author":1,"featured_media":62421,"comment_status":"open","ping_status":"closed","sticky":false,"template":"","format":"standard","meta":{"csco_display_header_overlay":false,"csco_singular_sidebar":"","csco_page_header_type":"","csco_page_load_nextpost":"","csco_post_video_location":[],"csco_post_video_location_hash":"","csco_post_video_url":"","csco_post_video_bg_start_time":0,"csco_post_video_bg_end_time":0,"footnotes":""},"categories":[9672],"tags":[],"class_list":{"0":"post-62420","1":"post","2":"type-post","3":"status-publish","4":"format-standard","5":"has-post-thumbnail","7":"category-radio","8":"cs-entry","9":"cs-video-wrap"},"_links":{"self":[{"href":"https:\/\/mediarun.com\/pl\/wp-json\/wp\/v2\/posts\/62420","targetHints":{"allow":["GET"]}}],"collection":[{"href":"https:\/\/mediarun.com\/pl\/wp-json\/wp\/v2\/posts"}],"about":[{"href":"https:\/\/mediarun.com\/pl\/wp-json\/wp\/v2\/types\/post"}],"author":[{"embeddable":true,"href":"https:\/\/mediarun.com\/pl\/wp-json\/wp\/v2\/users\/1"}],"replies":[{"embeddable":true,"href":"https:\/\/mediarun.com\/pl\/wp-json\/wp\/v2\/comments?post=62420"}],"version-history":[{"count":0,"href":"https:\/\/mediarun.com\/pl\/wp-json\/wp\/v2\/posts\/62420\/revisions"}],"wp:featuredmedia":[{"embeddable":true,"href":"https:\/\/mediarun.com\/pl\/wp-json\/wp\/v2\/media\/62421"}],"wp:attachment":[{"href":"https:\/\/mediarun.com\/pl\/wp-json\/wp\/v2\/media?parent=62420"}],"wp:term":[{"taxonomy":"category","embeddable":true,"href":"https:\/\/mediarun.com\/pl\/wp-json\/wp\/v2\/categories?post=62420"},{"taxonomy":"post_tag","embeddable":true,"href":"https:\/\/mediarun.com\/pl\/wp-json\/wp\/v2\/tags?post=62420"}],"curies":[{"name":"wp","href":"https:\/\/api.w.org\/{rel}","templated":true}]}}