{"id":62407,"date":"2007-05-31T06:00:00","date_gmt":"2007-05-31T04:00:00","guid":{"rendered":"https:\/\/mediarun.com\/index.php\/news-posts\/sarnowska-zastepca-dyrektora-radia-bis\/"},"modified":"2007-05-31T06:00:00","modified_gmt":"2007-05-31T04:00:00","slug":"sarnowska-zastepca-dyrektora-radia-bis","status":"publish","type":"post","link":"https:\/\/mediarun.com\/pl\/ludzie\/awanse\/sarnowska-zastepca-dyrektora-radia-bis.html","title":{"rendered":"Sarnowska zast\u0119pc\u0105 dyrektora Radia Bis"},"content":{"rendered":"<p><P>Radio Bis nie mia\u0142o \u015bcis\u0142ego kierownictwa od soboty. Jacek Sobala, kt\u00f3ry by\u0142 dyrektorem stacji, z pocz\u0105tkiem maja zacz\u0105\u0142 kierowa\u0107 radiow\u0105 Jedynk\u0105. Z kolei Adam Fija\u0142kowski, zast\u0119pca dyrektora Biski, kt\u00f3remu powierzono tymczasowe kierowanie rozg\u0142o\u015bni\u0105 z\u0142o\u017cy\u0142 wypowiedzenie.<\/P><br \/>\n<P>Bo\u017cena Sarnowska, kt\u00f3ra od 2004 roku by\u0142a sekretarzem programowym Radia Bis, obj\u0119\u0142a funkcj\u0119 zast\u0119pcy dyrektora rozg\u0142o\u015bni. <\/P><br \/>\n<P>Zarz\u0105d Polskiego Radia na \u015brodowym posiedzeniu nie podj\u0105\u0142 decyzji o tym, kto b\u0119dzie szefem Radia Bis. -Stanowisko dyrektora nie zosta\u0142o obsadzone&nbsp;&#8211; t\u0142umaczy nam Tadeusz Fredro&nbsp;&#8211; Boniecki, rzecznik prasowy Polskiego Radia.<\/P><\/p>\n","protected":false},"excerpt":{"rendered":"Bo\u017cena Sarnowska zosta\u0142a powo\u0142ana w \u015brod\u0119 przez zarz\u0105d Polskiego Radia na stanowisko zast\u0119pcy dyrektora Radia Bis.","protected":false},"author":1,"featured_media":62408,"comment_status":"open","ping_status":"closed","sticky":false,"template":"","format":"standard","meta":{"csco_display_header_overlay":false,"csco_singular_sidebar":"","csco_page_header_type":"","csco_page_load_nextpost":"","csco_post_video_location":[],"csco_post_video_location_hash":"","csco_post_video_url":"","csco_post_video_bg_start_time":0,"csco_post_video_bg_end_time":0,"footnotes":""},"categories":[9678],"tags":[],"class_list":{"0":"post-62407","1":"post","2":"type-post","3":"status-publish","4":"format-standard","5":"has-post-thumbnail","7":"category-awanse","8":"cs-entry","9":"cs-video-wrap"},"_links":{"self":[{"href":"https:\/\/mediarun.com\/pl\/wp-json\/wp\/v2\/posts\/62407","targetHints":{"allow":["GET"]}}],"collection":[{"href":"https:\/\/mediarun.com\/pl\/wp-json\/wp\/v2\/posts"}],"about":[{"href":"https:\/\/mediarun.com\/pl\/wp-json\/wp\/v2\/types\/post"}],"author":[{"embeddable":true,"href":"https:\/\/mediarun.com\/pl\/wp-json\/wp\/v2\/users\/1"}],"replies":[{"embeddable":true,"href":"https:\/\/mediarun.com\/pl\/wp-json\/wp\/v2\/comments?post=62407"}],"version-history":[{"count":0,"href":"https:\/\/mediarun.com\/pl\/wp-json\/wp\/v2\/posts\/62407\/revisions"}],"wp:featuredmedia":[{"embeddable":true,"href":"https:\/\/mediarun.com\/pl\/wp-json\/wp\/v2\/media\/62408"}],"wp:attachment":[{"href":"https:\/\/mediarun.com\/pl\/wp-json\/wp\/v2\/media?parent=62407"}],"wp:term":[{"taxonomy":"category","embeddable":true,"href":"https:\/\/mediarun.com\/pl\/wp-json\/wp\/v2\/categories?post=62407"},{"taxonomy":"post_tag","embeddable":true,"href":"https:\/\/mediarun.com\/pl\/wp-json\/wp\/v2\/tags?post=62407"}],"curies":[{"name":"wp","href":"https:\/\/api.w.org\/{rel}","templated":true}]}}