{"id":62385,"date":"2007-05-31T18:17:38","date_gmt":"2007-05-31T16:17:38","guid":{"rendered":"https:\/\/mediarun.com\/index.php\/news-posts\/przebojowe-lato-naj-radia-zet-i-polsatu\/"},"modified":"2007-05-31T18:17:38","modified_gmt":"2007-05-31T16:17:38","slug":"przebojowe-lato-naj-radia-zet-i-polsatu","status":"publish","type":"post","link":"https:\/\/mediarun.com\/pl\/media\/radio\/przebojowe-lato-naj-radia-zet-i-polsatu.html","title":{"rendered":"&#8222;Przebojowe lato&#8221; Naj, Radia Zet i Polsatu"},"content":{"rendered":"<p>Trasa koncertowa rozpocznie si\u0119 w Kro\u015bnie w sobot\u0119 23 czerwca. W sumie imprezy odb\u0119d\u0105 si\u0119 w 20 polskich miastach podczas wakacyjnych weekend\u00f3w. Poza Krosnem &#8222;Przebojowe lato&#8221; odwiedzi m.in. Nowy S\u0105cz, Malbork, \u0141eb\u0119, Ustk\u0119, Ustronie Morskie, Dar\u0142owo, Mr\u0105gowo czy Szczytno.<\/p>\n<p>W ka\u017cdej z miejscowo\u015bci odb\u0119d\u0105 si\u0119 dwa koncerty, wyst\u0119p kabaretu oraz program dla dzieci Pana Japy. Podczas imprezy wyst\u0105pi\u0105 m.in. Boney M, De Mono, Papa Dance, Piasek, Goya, Myslovitz, Kombi, Krzysztof Krawczyk czy Ryszard Rynkowski. Spo\u015br\u00f3d kabaret\u00f3w zobaczyc b\u0119dzie mo\u017cna m.in. Grzgorza Halam\u0119, Neo-n\u00f3wk\u0119 czy Chatelet.<\/p>\n<p>Organizatorzy przygotuj\u0105 tak\u017ce m.in. miasteczko dla dzieci i m\u0142odzie\u017cy, sektor dla pa\u0144 z poradami dotycz\u0105cymi mody i urody oraz dla pan\u00f3w z nowinkami motoryzacyjnymi oraz multimedialnymi. <\/p>\n<p>Gospodarzami plenerowych imprez b\u0119d\u0105 prezenterzy Polsatu &#8211;  Agata M\u0142ynarska, Krzysztof Ibisz i Zygmunt Chajzer. Z kolei konkursy Radia Zet poprowadzi m.in. Rafa\u0142 Bryndal.<\/p>\n<p>Koncerty b\u0119d\u0105 na bie\u017c\u0105co relacjonowane w tygodniku Naj, Radiu Zet oraz telewizji Polsat. Wsparcie promocyjne w tytu\u0142ach G+J: Naj, Claudia, Gala, Moje Mieszkanie, Focus, Moje Gotowanie, Rodzice.<\/p>\n","protected":false},"excerpt":{"rendered":"Tygodnik Naj, Radio Zet oraz telewizja Polsat przygotowuj\u0105 wsp\u00f3lnie plenerow\u0105 tras\u0119 koncertow\u0105 &#8222;Przebojowe lato&#8221;, kt\u00f3ra rozpocznie si\u0119 23 czerwca i odb\u0119dzie si\u0119 w 20 polskich miastach. Organizatorzy zaplanowali m.in. koncerty, wyst\u0119py kabaret\u00f3w, a tak\u017ce zabawy dla dzieci.","protected":false},"author":1,"featured_media":62386,"comment_status":"open","ping_status":"closed","sticky":false,"template":"","format":"standard","meta":{"csco_display_header_overlay":false,"csco_singular_sidebar":"","csco_page_header_type":"","csco_page_load_nextpost":"","csco_post_video_location":[],"csco_post_video_location_hash":"","csco_post_video_url":"","csco_post_video_bg_start_time":0,"csco_post_video_bg_end_time":0,"footnotes":""},"categories":[9672],"tags":[],"class_list":{"0":"post-62385","1":"post","2":"type-post","3":"status-publish","4":"format-standard","5":"has-post-thumbnail","7":"category-radio","8":"cs-entry","9":"cs-video-wrap"},"_links":{"self":[{"href":"https:\/\/mediarun.com\/pl\/wp-json\/wp\/v2\/posts\/62385","targetHints":{"allow":["GET"]}}],"collection":[{"href":"https:\/\/mediarun.com\/pl\/wp-json\/wp\/v2\/posts"}],"about":[{"href":"https:\/\/mediarun.com\/pl\/wp-json\/wp\/v2\/types\/post"}],"author":[{"embeddable":true,"href":"https:\/\/mediarun.com\/pl\/wp-json\/wp\/v2\/users\/1"}],"replies":[{"embeddable":true,"href":"https:\/\/mediarun.com\/pl\/wp-json\/wp\/v2\/comments?post=62385"}],"version-history":[{"count":0,"href":"https:\/\/mediarun.com\/pl\/wp-json\/wp\/v2\/posts\/62385\/revisions"}],"wp:featuredmedia":[{"embeddable":true,"href":"https:\/\/mediarun.com\/pl\/wp-json\/wp\/v2\/media\/62386"}],"wp:attachment":[{"href":"https:\/\/mediarun.com\/pl\/wp-json\/wp\/v2\/media?parent=62385"}],"wp:term":[{"taxonomy":"category","embeddable":true,"href":"https:\/\/mediarun.com\/pl\/wp-json\/wp\/v2\/categories?post=62385"},{"taxonomy":"post_tag","embeddable":true,"href":"https:\/\/mediarun.com\/pl\/wp-json\/wp\/v2\/tags?post=62385"}],"curies":[{"name":"wp","href":"https:\/\/api.w.org\/{rel}","templated":true}]}}