{"id":62372,"date":"2007-06-01T05:17:17","date_gmt":"2007-06-01T03:17:17","guid":{"rendered":"https:\/\/mediarun.com\/index.php\/news-posts\/radiostacja-z-nowym-szefem-muzycznym\/"},"modified":"2007-06-01T05:17:17","modified_gmt":"2007-06-01T03:17:17","slug":"radiostacja-z-nowym-szefem-muzycznym","status":"publish","type":"post","link":"https:\/\/mediarun.com\/pl\/media\/radio\/radiostacja-z-nowym-szefem-muzycznym.html","title":{"rendered":"Radiostacja z nowym szefem muzycznym"},"content":{"rendered":"<p>Dariusz Kr\u00f3l, nowy dyrektor muzyczny Radiostacji, poprzednio pracowa\u0142 w Radiu Eska \u0141\u00f3d\u017a, gdzie by\u0142 dyrektorem programowym oraz szefem muzycznym.<\/p>\n<p>Z kolei Julia Tkaczyk, b\u0119d\u0105ca dotychczas sekretarzem anteny Radiostacji, obj\u0119\u0142a stanowisko zast\u0119pcy dyrektora muzycznego Radiostacji.<\/p>\n<p>Do tej pory za muzyk\u0119 w rozg\u0142o\u015bni odpowiada\u0142 Rafa\u0142 Freyer, kt\u00f3ry nadal b\u0119dzie zast\u0119pc\u0105 dyrektora muzycznego Radia Zet. Freyer \u0142\u0105czy\u0142 obie funkcje.<\/p>\n","protected":false},"excerpt":{"rendered":"Dariusz Kr\u00f3l, zwi\u0105zany do niedawna z \u0142\u00f3dzk\u0105 Esk\u0105, jest od dzi\u015b nowym dyrektorem muzycznym Radiostacji. Dotychczas by\u0142 nim Rafa\u0142 Freyer. Zast\u0119pc\u0105 szefa muzycznego rozg\u0142o\u015bni zosta\u0142a natomiast Julia Tkaczyk.","protected":false},"author":1,"featured_media":62373,"comment_status":"open","ping_status":"closed","sticky":false,"template":"","format":"standard","meta":{"csco_display_header_overlay":false,"csco_singular_sidebar":"","csco_page_header_type":"","csco_page_load_nextpost":"","csco_post_video_location":[],"csco_post_video_location_hash":"","csco_post_video_url":"","csco_post_video_bg_start_time":0,"csco_post_video_bg_end_time":0,"footnotes":""},"categories":[9672],"tags":[],"class_list":{"0":"post-62372","1":"post","2":"type-post","3":"status-publish","4":"format-standard","5":"has-post-thumbnail","7":"category-radio","8":"cs-entry","9":"cs-video-wrap"},"_links":{"self":[{"href":"https:\/\/mediarun.com\/pl\/wp-json\/wp\/v2\/posts\/62372","targetHints":{"allow":["GET"]}}],"collection":[{"href":"https:\/\/mediarun.com\/pl\/wp-json\/wp\/v2\/posts"}],"about":[{"href":"https:\/\/mediarun.com\/pl\/wp-json\/wp\/v2\/types\/post"}],"author":[{"embeddable":true,"href":"https:\/\/mediarun.com\/pl\/wp-json\/wp\/v2\/users\/1"}],"replies":[{"embeddable":true,"href":"https:\/\/mediarun.com\/pl\/wp-json\/wp\/v2\/comments?post=62372"}],"version-history":[{"count":0,"href":"https:\/\/mediarun.com\/pl\/wp-json\/wp\/v2\/posts\/62372\/revisions"}],"wp:featuredmedia":[{"embeddable":true,"href":"https:\/\/mediarun.com\/pl\/wp-json\/wp\/v2\/media\/62373"}],"wp:attachment":[{"href":"https:\/\/mediarun.com\/pl\/wp-json\/wp\/v2\/media?parent=62372"}],"wp:term":[{"taxonomy":"category","embeddable":true,"href":"https:\/\/mediarun.com\/pl\/wp-json\/wp\/v2\/categories?post=62372"},{"taxonomy":"post_tag","embeddable":true,"href":"https:\/\/mediarun.com\/pl\/wp-json\/wp\/v2\/tags?post=62372"}],"curies":[{"name":"wp","href":"https:\/\/api.w.org\/{rel}","templated":true}]}}