{"id":62370,"date":"2007-06-01T05:49:39","date_gmt":"2007-06-01T03:49:39","guid":{"rendered":"https:\/\/mediarun.com\/index.php\/news-posts\/rmf-fm-ma-nowa-reporterke\/"},"modified":"2007-06-01T05:49:39","modified_gmt":"2007-06-01T03:49:39","slug":"rmf-fm-ma-nowa-reporterke","status":"publish","type":"post","link":"https:\/\/mediarun.com\/pl\/media\/radio\/rmf-fm-ma-nowa-reporterke.html","title":{"rendered":"RMF FM ma now\u0105 reporterk\u0119"},"content":{"rendered":"<p>Agnieszka Wyderka wcze\u015bniej pracowa\u0142a m.in. w skierniewickim Radiu RSC.<\/p>\n","protected":false},"excerpt":{"rendered":"Od pi\u0105tku RMF FM b\u0119dzie mia\u0142 nowego reportera w \u0141odzi. Korespondentem rozg\u0142o\u015bni w tym mie\u015bcie zostanie Agnieszka Wyderka. Dziennikarka zast\u0105pi Marcina Lorenca, kt\u00f3ry zako\u0144czy\u0142 wsp\u00f3\u0142prac\u0119 z RMF FM.","protected":false},"author":1,"featured_media":62371,"comment_status":"open","ping_status":"closed","sticky":false,"template":"","format":"standard","meta":{"csco_display_header_overlay":false,"csco_singular_sidebar":"","csco_page_header_type":"","csco_page_load_nextpost":"","csco_post_video_location":[],"csco_post_video_location_hash":"","csco_post_video_url":"","csco_post_video_bg_start_time":0,"csco_post_video_bg_end_time":0,"footnotes":""},"categories":[9672],"tags":[],"class_list":{"0":"post-62370","1":"post","2":"type-post","3":"status-publish","4":"format-standard","5":"has-post-thumbnail","7":"category-radio","8":"cs-entry","9":"cs-video-wrap"},"_links":{"self":[{"href":"https:\/\/mediarun.com\/pl\/wp-json\/wp\/v2\/posts\/62370","targetHints":{"allow":["GET"]}}],"collection":[{"href":"https:\/\/mediarun.com\/pl\/wp-json\/wp\/v2\/posts"}],"about":[{"href":"https:\/\/mediarun.com\/pl\/wp-json\/wp\/v2\/types\/post"}],"author":[{"embeddable":true,"href":"https:\/\/mediarun.com\/pl\/wp-json\/wp\/v2\/users\/1"}],"replies":[{"embeddable":true,"href":"https:\/\/mediarun.com\/pl\/wp-json\/wp\/v2\/comments?post=62370"}],"version-history":[{"count":0,"href":"https:\/\/mediarun.com\/pl\/wp-json\/wp\/v2\/posts\/62370\/revisions"}],"wp:featuredmedia":[{"embeddable":true,"href":"https:\/\/mediarun.com\/pl\/wp-json\/wp\/v2\/media\/62371"}],"wp:attachment":[{"href":"https:\/\/mediarun.com\/pl\/wp-json\/wp\/v2\/media?parent=62370"}],"wp:term":[{"taxonomy":"category","embeddable":true,"href":"https:\/\/mediarun.com\/pl\/wp-json\/wp\/v2\/categories?post=62370"},{"taxonomy":"post_tag","embeddable":true,"href":"https:\/\/mediarun.com\/pl\/wp-json\/wp\/v2\/tags?post=62370"}],"curies":[{"name":"wp","href":"https:\/\/api.w.org\/{rel}","templated":true}]}}