{"id":62365,"date":"2007-06-01T06:00:00","date_gmt":"2007-06-01T04:00:00","guid":{"rendered":"https:\/\/mediarun.com\/index.php\/news-posts\/lubie-sie-chlostac\/"},"modified":"2007-06-01T06:00:00","modified_gmt":"2007-06-01T04:00:00","slug":"lubie-sie-chlostac","status":"publish","type":"post","link":"https:\/\/mediarun.com\/pl\/ludzie\/wywiad\/lubie-sie-chlostac.html","title":{"rendered":"Lubi\u0119 si\u0119 ch\u0142osta\u0107"},"content":{"rendered":"<p><P><STRONG>Marcin Prokop, gwiazda, czy dziennikarz?<\/STRONG><BR>My\u015bl\u0119, \u017ce ani jedno, ani drugie. Jestem zdania, \u017ce nie mo\u017cna cz\u0142owieka tak jednoznacznie zaszufladkowa\u0107. W dzisiejszej rzeczywisto\u015bci medialnej kr\u0105\u017c\u0105 byty interdyscyplinarne. Jest coraz wi\u0119cej ludzi, kt\u00f3rzy \u0142\u0105cz\u0105 rozmaite specjalizacje i do twarzy im z tym. Nie wydaje mi si\u0119, \u017ceby jedno okre\u015blenie musia\u0142o sta\u0107 w konflikcie z drugim. Fakt, \u017ce Micha\u0142 So\u0142owow jest kierowc\u0105 rajdowym nie przeszkadza mu w byciu doskona\u0142ym biznesmenem. Arnold Schwarzeneger jest tak samo aktorem, jak i gubernatorem i jedna rola nie umniejsza drugiej. Je\u017celi kto\u015b dzia\u0142a udanie w kilku wymiarach, to tylko dobrze \u015bwiadczy o talencie osoby, o kt\u00f3rej rozmawiamy.<BR><BR><BR><STRONG>Co Marcinowi Prokopowi daje kopa? Jest jakie\u015b \u017ar\u00f3d\u0142o niewyczerpanej energii?<\/STRONG><BR>W u\u017cywki nie inwestuj\u0119, bo jako osoba, kt\u00f3ra sko\u0144czy\u0142a finanse policzy\u0142em, \u017ce to zbyt drogie, ma\u0142o efektywne, nieop\u0142acalne. Jednak wbrew tezie postawionej w pytaniu uwa\u017cam, \u017ce jestem cz\u0142owiekiem o umiarkowanych zasobach energetycznych, kt\u00f3re ujawniaj\u0105 si\u0119 w postaci do\u015b\u0107 kr\u00f3tkotrwa\u0142ych wybuch\u00f3w. Je\u017celi nie ma takiej potrzeby to nie jestem nieustaj\u0105co pobudzony, nie przebywam w stanie permanentnej erekcji mentalnej. <BR><BR><BR><STRONG>Kiedy\u015b o Dorocie Wellman powiedzia\u0142 Pan, \u017ce &#8222;ma takie naddatki energetyczne, \u017ce mog\u0142aby o\u015bwietli\u0107 niewielki miasteczko, gdyby jej po\u0142\u0105czy\u0107 kable&#8221;. Czy cz\u0119sto dochodzi na waszych liniach energetycznych do spi\u0119\u0107, skoro tak obficie wsp\u00f3\u0142pracujecie?<\/STRONG><BR>Zasadniczo nie dochodzi wcale. Nasze charaktery nie koliduj\u0105 ze sob\u0105. Nie mamy te\u017c zbyt wielu sytuacji konfliktogennych. Nie jeste\u015bmy par\u0105, nie sypiamy ze sob\u0105, nie mamy dzieci, wi\u0119c nie ma zbyt wielu p\u00f3l, gdzie mogliby\u015bmy si\u0119 posprzecza\u0107. Nawet je\u015bli zdarzaj\u0105 nam si\u0119 r\u00f3\u017cnice zda\u0144, to nie wp\u0142ywa na komfort wzajemnej pracy. <BR><BR><BR><STRONG>Czyta Pan Machin\u0119?<\/STRONG><BR>Bywa, \u017ce czytuj\u0119, aczkolwiek to ju\u017c nie jest moje medium i niespecjalnie mam tam czego szuka\u0107. Zatem raczej przegl\u0105dam, ni\u017c czytuj\u0119. <BR><BR><BR><STRONG>Mija w\u0142a\u015bnie rok odk\u0105d wznowiono wydawanie Machiny. Jak Pan, jako by\u0142y naczelny, ocenia pismo pod rz\u0105dami Piotra Metza?<\/STRONG><BR>Nie jest to magazyn dla mnie, natomiast znam takich, kt\u00f3rzy twierdz\u0105, \u017ce jest to pismo fenomenalne. Jako czytelnik zosta\u0142em wychowany na troch\u0119 innej estetyce, bardziej konserwatywnej. Machina to taka magma, taki kontrolowany chaos, w kt\u00f3rym ja si\u0119 nie do ko\u0144ca odnajduj\u0119. Mam trudno\u015b\u0107 z nawigacj\u0105 po tej gazecie, ale merytorycznie jest to sprawnie robione pismo, bo Piotrek gwarantuje wysok\u0105 jako\u015b\u0107. Niekt\u00f3rzy mieli obawy, czy radiowiec poradzi sobie z gazet\u0105, a okazuje si\u0119, \u017ce radzi sobie doskonale. Problem polega na tym, \u017ce Machina, b\u0119d\u0105c z za\u0142o\u017cenia pismem masowym, penetruje ten obszar popkultury, kt\u00f3ry ja mam do\u015b\u0107 dobrze spenetrowany za pomoc\u0105 innych \u017ar\u00f3de\u0142: szybszych, jak internet i bardziej specjalistycznych, jak niekt\u00f3re gazety zachodnie. Jako czytelnik cz\u0119\u015bciej si\u0119gam po pisma niszowe, ni\u017c og\u00f3lnotematyczne.<BR><BR><BR><STRONG>Pisa\u0142 Pan dla kilku gazet, mo\u017cna chocia\u017cby wspomnie\u0107 Gal\u0119, Przekr\u00f3j, wsp\u00f3\u0142pracowa\u0142 z kilkoma stacjami telewizyjnymi. Nie brakuje te\u017c innych aktywno\u015bci, jak du\u017ce imprezy masowe i te bardziej kameralne, jak chocia\u017cby 2. urodziny Arkadii czy konkurs na miss najlepszych po\u015bladk\u00f3w. M\u00f3wi Pan, \u017ce &#8222;ci\u0119\u017cko odm\u00f3wi\u0107, kiedy rzeczywisto\u015b\u0107 stawia przede mn\u0105 nowe wyzwania. Nie jest \u0142atwo odm\u00f3wi\u0107 sobie zaatakowania kolejnego szczytu.&#8221; Czy nie jest troch\u0119 tak, \u017ce nie umie Pan sobie odm\u00f3wi\u0107 zaatakowania nawet je\u015bli to nie szczyt, a pag\u00f3rek?<\/STRONG><BR>My\u015bl\u0119, \u017ce takie za\u0142o\u017cenie, oczekiwanie, i\u017c wszyscy ludzie medi\u00f3w powinni by\u0107 niepokalanymi etosowcami, gardz\u0105cymi komercj\u0105, jest niebywale szlachetne, ale mija si\u0119 z rzeczywisto\u015bci\u0105. Dla mnie praca w mediach nie jest misj\u0105, jakim\u015b nawiedzeniem i powo\u0142aniem, ale zawodem, jak ka\u017cdy inny. A zaw\u00f3d, opr\u00f3cz tego, \u017ce powinien sprawia\u0107 satysfakcj\u0119, s\u0142u\u017cy do zarabiania pieni\u0119dzy. Czasami satysfakcja dominuje nad pieni\u0119dzmi, czasami jest odwrotnie. I oto ca\u0142a filozofia. Jest w tym jeszcze oczywi\u015bcie problem wiarygodno\u015bci &#8211; trudno wyobrazi\u0107 sobie, by traktowano Bogdana Rymanowskiego powa\u017cnie, gdyby jednego dnia przebiera\u0142 si\u0119 publicznie w str\u00f3j clowna w hipermarkecie, a drugiego prowadzi\u0142 pod krawatem debat\u0119 polityczn\u0105. Ale ja, w opozycji do powy\u017cszego przyk\u0142adu, jestem dziennikarzem rozrywkowym i zaj\u0119cia okre\u015blane mianem cha\u0142tur mi nie szkodz\u0105.<BR><BR>Zreszt\u0105 nie jestem wyj\u0105tkiem, kt\u00f3ry czerpie komercyjne korzy\u015bci z jakiej\u015b tam popularno\u015bci. Nie znam w rodzimych mediach nikogo, kogo nie da\u0142oby si\u0119 kupi\u0107. Jednak bardzo niewiele os\u00f3b potrafi m\u00f3wi\u0107 o tym otwarcie, z dystansem do siebie i uprawianego zawodu, jak na przyk\u0142ad Andrzej Grabowski&nbsp;&#8211; wybitny aktor, kt\u00f3ry sprzeda\u0142 si\u0119 z premedytacj\u0105 do kiepskiego&nbsp;&#8211; nomen omen &#8211; serialu, co w \u017cadnym stopniu nie przeszkodzi\u0142o mu w byciu nadal wybitnym aktorem. Za to z drugiej strony barykady stoi pierwszy or\u0119downik unikania rzeczy komercyjnych, etosowiec-teoretyk, czyli Kuba Wojew\u00f3dzki, kt\u00f3ry zawsze ochoczo dezawuowa\u0142 ludzi, kt\u00f3rzy sprzedali si\u0119 do reklamy. I co? Sam wskoczy\u0142 do tego wagonu, kiedy znalaz\u0142o si\u0119 w nim wystarczaj\u0105co du\u017co kasy, pr\u00f3buj\u0105c jednocze\u015bnie dorabia\u0107 do tego jak\u0105\u015b wyduman\u0105 ideologi\u0119, \u017ce niby nie tylko o pieni\u0105dze chodzi\u0142o. \u015amieszy mnie ten typ hipokryzji, bawi\u0105 mnie brednie o tzw. budowaniu wizerunku. W 99 proc. przypadk\u00f3w wizerunek hoduje si\u0119 po to, \u017ceby w odpowiednim momencie go korzystnie sprzeda\u0107, w tej czy innej formie.&nbsp;&nbsp; <BR><BR><BR><STRONG>Czy jest propozycja, kt\u00f3r\u0105 Marcin Prokop z za\u0142o\u017cenia by odrzuci\u0142?<\/STRONG><BR>Oczywi\u015bcie, \u017ce jest, nie popadajmy w skrajno\u015bci. Gdyby zaproponowano mi prowadzenie urodzin w Arkadii za mniejsze pieni\u0105dze, nie zrobi\u0142bym tego. A m\u00f3wi\u0105c serio, jest granica obciachu, kt\u00f3rej nie przekraczam za \u017cadn\u0105 kas\u0119. Nie zrobi\u0142bym na przyk\u0142ad niczego co jako\u015b istotnie gwa\u0142ci\u0142oby moje osobiste przekonania. Nie wyst\u0105pi\u0142by na wiecu Samoobrony, czy LPR-u, a niekt\u00f3rym si\u0119 to zdarza\u0142o. Nie wzi\u0105\u0142bym udzia\u0142u w reklamie globulek doodbytniczych czy zi\u00f3\u0142 na prostat\u0119. <BR><BR><BR><STRONG>Jak si\u0119 Pan czuje w fotelu naczelnego miesi\u0119cznika Film?<\/STRONG><BR>Dobrze si\u0119 czuj\u0119. Gdybym czu\u0142 si\u0119 \u017ale, to pewnie ju\u017c bym tam nie siedzia\u0142. <BR><BR><BR><STRONG>Micha\u0142 Lisiecki zapowiada, \u017ce po wakacjach miesi\u0119cznik czekaj\u0105 solidne zmiany, zar\u00f3wno merytoryczne, jak i estetyczne. Co si\u0119 zmieni?<\/STRONG><BR>Na razie mog\u0119 jedynie zaserwowa\u0107 stek og\u00f3lnik\u00f3w i bana\u0142\u00f3w, poniewa\u017c koncepcja ostateczna jeszcze si\u0119 nie wyklarowa\u0142a. Za\u0142o\u017cenia brzegowe s\u0105 takie, \u017ce ma to by\u0107 pismo mniej ortodoksyjne, je\u015bli chodzi o stosunek do filmu, czyli bardziej otwarte na inne ga\u0142\u0119zie popkultury. Bardziej pismo oko\u0142ofilmowe ni\u017c stricte filmowe. B\u0119dzie nas bardziej interesowa\u0142o postrzegnie zjawisk spo\u0142ecznych przez pryzmat filmu. Teraz jeste\u015bmy \u015bci\u015ble zobligowani kalendarzem premier filmowych. Ju\u017c nied\u0142ugo b\u0119dzie troch\u0119 inaczej. <BR><BR><BR><STRONG>Na pocz\u0105tku swojej kariery telewizyjnej prowadzi\u0142 Pan program &#8222;Prokop i panny&#8221;. Ostatnio szumnie zapowiada\u0142y si\u0119 &#8222;Przebojowe Polki&#8221;. M\u00f3wi Pan sam, \u017ce te programy przebojowe nie by\u0142y. \u015aw. Prokop, kt\u00f3ry by\u0142 egzorcyst\u0105 zosta\u0142 \u015bci\u0119ty w 303 roku w Palestynie. Nie boi si\u0119 Pan w zwi\u0105zku z tymi niepomy\u015blnymi programami pewnego ostracyzmu spo\u0142ecznego? Takiego spalenia na medialnym stosie?<\/STRONG><BR>Bez przesady. &#8222;Ostracyzm spo\u0142eczny&#8221; mo\u017ce spotka\u0107 kogo\u015b, kto jest aferzyst\u0105, gwa\u0142ci dzieci albo diluje heroin\u0105, ale nie s\u0105dz\u0119, \u017cebym nagle sa\u0142 si\u0119 wrogiem publicznym z powodu s\u0142abszych wynik\u00f3w jakiego\u015b sezonowego programu rozrywkowego. Chc\u0119 w tym miejscu jasno uzmys\u0142owi\u0107 wszystkim, kt\u00f3rzy tego nie wiedz\u0105, \u017ce sukces czy pora\u017cka wi\u0119kszo\u015bci przedsi\u0119wzi\u0119\u0107 telewizyjnych, kt\u00f3re nie s\u0105 tzw. programami autorskimi, w minimalnym stopniu zale\u017cy od prowadz\u0105cego. B\u0105d\u017amy realistami&nbsp;&#8211; nawet najlepszy aktor nie pod\u017awignie s\u0142abego filmu. W takich sytuacjach \u0142\u0105czenie odtw\u00f3rcy roli z klap\u0105 ca\u0142ego przedsi\u0119wzi\u0119cia jest nieporozumieniem, ale i \u0142atwym chwytem poni\u017cej pasa, ch\u0119tnie stosowanym. Teza &#8222;program spad\u0142 z anteny bo prowadz\u0105cy nie da\u0142 rady&#8221; to jest ekwiwalent has\u0142a, \u017ce ca\u0142emu z\u0142u na \u015bwiecie winni s\u0105 geje i cykli\u015bci. W przypadku &#8222;Przebojowych Polek&#8221;, czyli programu, kt\u00f3ry nie odni\u00f3s\u0142 komercynego sukcesu, ja nie mam sobie absolutnie nic do zarzucenia. Uwa\u017cam, \u017ce w piekielnie trudnej, karko\u0142omnej i ryzykownej konwencji tego programu odnalaz\u0142em si\u0119 tak dobrze, jak si\u0119 da\u0142o.&nbsp; <BR><BR>Niestety, nie mog\u0119 tego samego powiedzie\u0107 o &#8222;Prokopie i pannach&#8221; sprzed paru lat. Tam by\u0142em straszny i kiedy dzi\u015b ogl\u0105dam tamte odcinki to si\u0119 wstydz\u0119. Pope\u0142ni\u0142em wtedy szereg szkolnych b\u0142\u0119d\u00f3w, jakich prowadz\u0105cy pope\u0142nia\u0107 nie powinni, ale by\u0142 to m\u00f3j pierwszy program i to realizowany dla tak du\u017cej stacji. Mam pe\u0142n\u0105 \u015bwiadomo\u015b\u0107 b\u0142\u0119d\u00f3w i podpisuj\u0119 si\u0119 pod nimi. Z drugiej jednak strony nie widz\u0119 powodu, \u017ceby mia\u0142o to rzutowa\u0107 na moje dobre samopoczucie albo budzi\u0107 w\u0105tpliwo\u015bci czy si\u0119 nadaj\u0119 do telewizji. Je\u015bli na pi\u0119\u0107 moich projekt\u00f3w jeden nie wypali, to i tak jest rewelacyjna statystyka.&nbsp; <BR><BR><BR><STRONG>Czy cz\u0142owiek, kt\u00f3ry zarabia\u0142 na \u017cycie krytykuj\u0105c innych wobec siebie powinien r\u00f3wnie\u017c by\u0107 krytyczny?<BR><\/STRONG>My\u015bl\u0119, \u017ce ka\u017cdy cz\u0142owiek, zw\u0142aszcza pe\u0142ni\u0105cy jakie\u015b funkcje publiczne, czy to telewizyjne, czy polityczne, gdzie ka\u017cdy krok podawany jest publicznej ocenie, powinien w pierwszej kolejno\u015bci by\u0107 krytyczny wobec siebie. To taka forma szczepionki. W przeciwnym razie masa krytyki z zewn\u0105trz, cz\u0119sto niesprawiedliwej i z\u0142o\u015bliwej, go zmia\u017cd\u017cy. Poza tym cz\u0142owiek, kt\u00f3ry nie jest w stanie dostrzec w\u0142asnych b\u0142\u0119d\u00f3w nie jest w stanie si\u0119 rozwija\u0107 i szybko z tej gry odpada. Ja jestem bardzo samokrytyczny i czyni\u0119 to z przyjemno\u015bci\u0105. Lubi\u0119 si\u0119 ch\u0142osta\u0107. <\/P><br \/>\n<P align=right>Rozmawia\u0142a Ma\u0142gorzata Roman<\/P><\/p>\n","protected":false},"excerpt":{"rendered":"Marcin Prokop opowiada nam, kiedy miewa erekcj\u0119 mentaln\u0105, czemu nie reklamuje zi\u00f3\u0142 na prostat\u0119 i czym dla niego jest sprzedawanie wizerunku.","protected":false},"author":1,"featured_media":62366,"comment_status":"open","ping_status":"closed","sticky":false,"template":"","format":"standard","meta":{"csco_display_header_overlay":false,"csco_singular_sidebar":"","csco_page_header_type":"","csco_page_load_nextpost":"","csco_post_video_location":[],"csco_post_video_location_hash":"","csco_post_video_url":"","csco_post_video_bg_start_time":0,"csco_post_video_bg_end_time":0,"footnotes":""},"categories":[45],"tags":[588,912],"class_list":{"0":"post-62365","1":"post","2":"type-post","3":"status-publish","4":"format-standard","5":"has-post-thumbnail","7":"category-wywiad","8":"tag-kuba-wojewodzki","9":"tag-przekroj","10":"cs-entry","11":"cs-video-wrap"},"_links":{"self":[{"href":"https:\/\/mediarun.com\/pl\/wp-json\/wp\/v2\/posts\/62365","targetHints":{"allow":["GET"]}}],"collection":[{"href":"https:\/\/mediarun.com\/pl\/wp-json\/wp\/v2\/posts"}],"about":[{"href":"https:\/\/mediarun.com\/pl\/wp-json\/wp\/v2\/types\/post"}],"author":[{"embeddable":true,"href":"https:\/\/mediarun.com\/pl\/wp-json\/wp\/v2\/users\/1"}],"replies":[{"embeddable":true,"href":"https:\/\/mediarun.com\/pl\/wp-json\/wp\/v2\/comments?post=62365"}],"version-history":[{"count":0,"href":"https:\/\/mediarun.com\/pl\/wp-json\/wp\/v2\/posts\/62365\/revisions"}],"wp:featuredmedia":[{"embeddable":true,"href":"https:\/\/mediarun.com\/pl\/wp-json\/wp\/v2\/media\/62366"}],"wp:attachment":[{"href":"https:\/\/mediarun.com\/pl\/wp-json\/wp\/v2\/media?parent=62365"}],"wp:term":[{"taxonomy":"category","embeddable":true,"href":"https:\/\/mediarun.com\/pl\/wp-json\/wp\/v2\/categories?post=62365"},{"taxonomy":"post_tag","embeddable":true,"href":"https:\/\/mediarun.com\/pl\/wp-json\/wp\/v2\/tags?post=62365"}],"curies":[{"name":"wp","href":"https:\/\/api.w.org\/{rel}","templated":true}]}}