{"id":62352,"date":"2007-06-01T06:00:00","date_gmt":"2007-06-01T04:00:00","guid":{"rendered":"https:\/\/mediarun.com\/index.php\/news-posts\/gala-podkupila-dwie-dziennikarki-elle\/"},"modified":"2007-06-01T06:00:00","modified_gmt":"2007-06-01T04:00:00","slug":"gala-podkupila-dwie-dziennikarki-elle","status":"publish","type":"post","link":"https:\/\/mediarun.com\/pl\/ludzie\/awanse\/gala-podkupila-dwie-dziennikarki-elle.html","title":{"rendered":"Gala podkupi\u0142a dwie dziennikarki Elle"},"content":{"rendered":"<p><P>Zar\u00f3wno Beata Misiewicz, jak i Ma\u0142gorzata Rogala pracowa\u0142y dotychczas w miesi\u0119czniku Elle. <\/P><br \/>\n<P>Rogala mia\u0142a jednak w czerwcu rozpocz\u0105\u0107 prac\u0119 w Twoim Stylu jako zast\u0119pca redaktor naczelnej. Identyczne stanowisko obj\u0119\u0142a w Gali.<\/P><br \/>\n<P>Maciej Brzozowski, dyrektor PR w Bauerze wydaj\u0105cym Tw\u00f3j Styl, odmawia komentarza w tej sprawie. Nie wiadomo, kto b\u0119dzie zast\u0119pc\u0105 naczelnej miesi\u0119cznika, kt\u00f3rym mia\u0142a by\u0107 Rogala.&nbsp;&#8211; Nie podj\u0119li\u015bmy jeszcze decyzji co do obsadzenia tego stanowiska&nbsp;&#8211; m\u00f3wi nam.<\/P><br \/>\n<P>Beata Misiewicz, pe\u0142ni\u0105ca w Elle funkcj\u0119 zast\u0119pcy dyrektora artystycznego oraz dyrektora kreatywnego dodatk\u00f3w redakcyjnych i dossier, zosta\u0142a dyrektorem artystycznym Gali.<\/P><br \/>\n<P>Z Gal\u0105 rozstaj\u0105 si\u0119 Piotr Do\u0142owski, dotychczasowy dyrektor artystyczny Gali i Agnieszka Dajbor, pe\u0142ni\u0105ca funkcj\u0119 zast\u0119pcy redaktor naczelnej.<\/P><\/p>\n","protected":false},"excerpt":{"rendered":"Dzisiaj do redakcji Gali do\u0142\u0105cz\u0105 dwie nowe osoby &#8211; Beata Misiewicz i Ma\u0142gorzata Rogala.","protected":false},"author":1,"featured_media":62353,"comment_status":"open","ping_status":"closed","sticky":false,"template":"","format":"standard","meta":{"csco_display_header_overlay":false,"csco_singular_sidebar":"","csco_page_header_type":"","csco_page_load_nextpost":"","csco_post_video_location":[],"csco_post_video_location_hash":"","csco_post_video_url":"","csco_post_video_bg_start_time":0,"csco_post_video_bg_end_time":0,"footnotes":""},"categories":[9678],"tags":[60],"class_list":{"0":"post-62352","1":"post","2":"type-post","3":"status-publish","4":"format-standard","5":"has-post-thumbnail","7":"category-awanse","8":"tag-bauer","9":"cs-entry","10":"cs-video-wrap"},"_links":{"self":[{"href":"https:\/\/mediarun.com\/pl\/wp-json\/wp\/v2\/posts\/62352","targetHints":{"allow":["GET"]}}],"collection":[{"href":"https:\/\/mediarun.com\/pl\/wp-json\/wp\/v2\/posts"}],"about":[{"href":"https:\/\/mediarun.com\/pl\/wp-json\/wp\/v2\/types\/post"}],"author":[{"embeddable":true,"href":"https:\/\/mediarun.com\/pl\/wp-json\/wp\/v2\/users\/1"}],"replies":[{"embeddable":true,"href":"https:\/\/mediarun.com\/pl\/wp-json\/wp\/v2\/comments?post=62352"}],"version-history":[{"count":0,"href":"https:\/\/mediarun.com\/pl\/wp-json\/wp\/v2\/posts\/62352\/revisions"}],"wp:featuredmedia":[{"embeddable":true,"href":"https:\/\/mediarun.com\/pl\/wp-json\/wp\/v2\/media\/62353"}],"wp:attachment":[{"href":"https:\/\/mediarun.com\/pl\/wp-json\/wp\/v2\/media?parent=62352"}],"wp:term":[{"taxonomy":"category","embeddable":true,"href":"https:\/\/mediarun.com\/pl\/wp-json\/wp\/v2\/categories?post=62352"},{"taxonomy":"post_tag","embeddable":true,"href":"https:\/\/mediarun.com\/pl\/wp-json\/wp\/v2\/tags?post=62352"}],"curies":[{"name":"wp","href":"https:\/\/api.w.org\/{rel}","templated":true}]}}