{"id":6230,"date":"2012-05-22T11:10:16","date_gmt":"2012-05-22T09:10:16","guid":{"rendered":"https:\/\/mediarun.com\/index.php\/news-posts\/wyborcza-z-audiobookiem-o-janie-pawle-ii\/"},"modified":"2012-05-22T11:10:16","modified_gmt":"2012-05-22T09:10:16","slug":"wyborcza-z-audiobookiem-o-janie-pawle-ii","status":"publish","type":"post","link":"https:\/\/mediarun.com\/pl\/media\/prasa\/wyborcza-z-audiobookiem-o-janie-pawle-ii.html","title":{"rendered":"Wyborcza z audiobookiem o Janie Pawle II"},"content":{"rendered":"<p>Tekst czytany jest przez Piotra Adamczyka i Krzysztof Kolbergera.<\/p>\n<p>Pozycja z p\u0142yt\u0105 &#8222;Santo Subito. \u015awiadectwo&#8221; uka\u017ce si\u0119 z Gazet\u0105 Wyborcz\u0105 z okazji 82 rocznicy urodzin Karola Wojty\u0142y. Do ksi\u0105\u017cki ilustrowanej fotografiami, do\u0142\u0105czona jest p\u0142yta CD z nagraniem &#8222;\u015awiadectwa&#8221; w formacie MP3. Cena Gazety Wyborczej z ksi\u0105\u017ck\u0105 to 9,99 z\u0142.<\/p>\n<p>&#8222;\u015awiadectwo&#8221; to biografia Jana Paw\u0142a II napisana na podstawie wspomnie\u0144 kardyna\u0142a Stanis\u0142awa Dziwisza, jego wieloletniego wsp&oacute;\u0142pracownika i osobistego sekretarza. Ksi\u0105\u017cka ma charakter rozmowy, przeprowadzonej przez w\u0142oskiego dziennikarza &#8211; Gian Franco Svidercoschiego z kardyna\u0142em.<\/p>\n","protected":false},"excerpt":{"rendered":"24 maja br. z Gazet\u0105 Wyborcz\u0105 b\u0119dzie mo\u017cna kupi\u0107 ksi\u0105\u017ck\u0119 z p\u0142yt\u0105 CD z tekstem &#8222;\u015awiadectwa&#8221; &#8211; wspomnie\u0144 kardyna\u0142a Stanis\u0142awa Dziwisza o Janie Pawle II.","protected":false},"author":1,"featured_media":6231,"comment_status":"open","ping_status":"closed","sticky":false,"template":"","format":"standard","meta":{"csco_display_header_overlay":false,"csco_singular_sidebar":"","csco_page_header_type":"","csco_page_load_nextpost":"","csco_post_video_location":[],"csco_post_video_location_hash":"","csco_post_video_url":"","csco_post_video_bg_start_time":0,"csco_post_video_bg_end_time":0,"footnotes":""},"categories":[9673],"tags":[],"class_list":{"0":"post-6230","1":"post","2":"type-post","3":"status-publish","4":"format-standard","5":"has-post-thumbnail","7":"category-prasa","8":"cs-entry","9":"cs-video-wrap"},"_links":{"self":[{"href":"https:\/\/mediarun.com\/pl\/wp-json\/wp\/v2\/posts\/6230","targetHints":{"allow":["GET"]}}],"collection":[{"href":"https:\/\/mediarun.com\/pl\/wp-json\/wp\/v2\/posts"}],"about":[{"href":"https:\/\/mediarun.com\/pl\/wp-json\/wp\/v2\/types\/post"}],"author":[{"embeddable":true,"href":"https:\/\/mediarun.com\/pl\/wp-json\/wp\/v2\/users\/1"}],"replies":[{"embeddable":true,"href":"https:\/\/mediarun.com\/pl\/wp-json\/wp\/v2\/comments?post=6230"}],"version-history":[{"count":0,"href":"https:\/\/mediarun.com\/pl\/wp-json\/wp\/v2\/posts\/6230\/revisions"}],"wp:featuredmedia":[{"embeddable":true,"href":"https:\/\/mediarun.com\/pl\/wp-json\/wp\/v2\/media\/6231"}],"wp:attachment":[{"href":"https:\/\/mediarun.com\/pl\/wp-json\/wp\/v2\/media?parent=6230"}],"wp:term":[{"taxonomy":"category","embeddable":true,"href":"https:\/\/mediarun.com\/pl\/wp-json\/wp\/v2\/categories?post=6230"},{"taxonomy":"post_tag","embeddable":true,"href":"https:\/\/mediarun.com\/pl\/wp-json\/wp\/v2\/tags?post=6230"}],"curies":[{"name":"wp","href":"https:\/\/api.w.org\/{rel}","templated":true}]}}