{"id":62297,"date":"2007-06-04T06:00:00","date_gmt":"2007-06-04T04:00:00","guid":{"rendered":"https:\/\/mediarun.com\/index.php\/news-posts\/lukasiak-idzie-do-tv-puls\/"},"modified":"2007-06-04T06:00:00","modified_gmt":"2007-06-04T04:00:00","slug":"lukasiak-idzie-do-tv-puls","status":"publish","type":"post","link":"https:\/\/mediarun.com\/pl\/ludzie\/awanse\/lukasiak-idzie-do-tv-puls.html","title":{"rendered":"\u0141ukasiak idzie do TV Puls"},"content":{"rendered":"<p><P>&#8211;&nbsp;Szansa zbudowania od podstaw zespo\u0142u jest dla mnie wielkim wyzwaniem zawodowym&nbsp;&#8211; m\u00f3wi nam Amelia \u0141ukasiak.<\/P><br \/>\n<P>\u0141ukasiak t\u0142umaczy, \u017ce TV Puls za kilka miesi\u0119cy zacznie nadawanie w\u0142asnego programu informacyjnego.&nbsp;&#8211; A to oznacza, \u017ce budowanie zespo\u0142u mu si\u0119 rozpocz\u0105\u0107 si\u0119 ju\u017c&nbsp;&#8211; dodaje.<\/P><br \/>\n<P>&#8211;&nbsp;W naszym programie informacyjnym b\u0119dziemy korzysta\u0107 ze sprawdzonych wzor\u00f3w<BR>Foxa nie rezygnuj\u0105c jednocze\u015bnie z w\u0142asnych, autorskich pomys\u0142\u00f3w&nbsp;&#8211; wyja\u015bnia \u0141ukasiak.<\/P><br \/>\n<P>Amelia \u0141ukasiak obecnie jest zast\u0119pc\u0105 redaktora naczelnego Rzeczpospolitej. Wcze\u015bniej dziennikarka pracowa\u0142a m.in. w Newsweeku, Radiu Plus. \u0141ukasiak by\u0142a ju\u017c dawniej szefow\u0105 informacji w TV Puls.<\/P><\/p>\n","protected":false},"excerpt":{"rendered":"Amelia \u0141ukasiak z pocz\u0105tkiem lipca rozpocznie prac\u0119 w TV Puls i b\u0119dzie szefow\u0105 program\u00f3w informacyjnych.","protected":false},"author":1,"featured_media":62298,"comment_status":"open","ping_status":"closed","sticky":false,"template":"","format":"standard","meta":{"csco_display_header_overlay":false,"csco_singular_sidebar":"","csco_page_header_type":"","csco_page_load_nextpost":"","csco_post_video_location":[],"csco_post_video_location_hash":"","csco_post_video_url":"","csco_post_video_bg_start_time":0,"csco_post_video_bg_end_time":0,"footnotes":""},"categories":[9678],"tags":[177],"class_list":{"0":"post-62297","1":"post","2":"type-post","3":"status-publish","4":"format-standard","5":"has-post-thumbnail","7":"category-awanse","8":"tag-newsweek","9":"cs-entry","10":"cs-video-wrap"},"_links":{"self":[{"href":"https:\/\/mediarun.com\/pl\/wp-json\/wp\/v2\/posts\/62297","targetHints":{"allow":["GET"]}}],"collection":[{"href":"https:\/\/mediarun.com\/pl\/wp-json\/wp\/v2\/posts"}],"about":[{"href":"https:\/\/mediarun.com\/pl\/wp-json\/wp\/v2\/types\/post"}],"author":[{"embeddable":true,"href":"https:\/\/mediarun.com\/pl\/wp-json\/wp\/v2\/users\/1"}],"replies":[{"embeddable":true,"href":"https:\/\/mediarun.com\/pl\/wp-json\/wp\/v2\/comments?post=62297"}],"version-history":[{"count":0,"href":"https:\/\/mediarun.com\/pl\/wp-json\/wp\/v2\/posts\/62297\/revisions"}],"wp:featuredmedia":[{"embeddable":true,"href":"https:\/\/mediarun.com\/pl\/wp-json\/wp\/v2\/media\/62298"}],"wp:attachment":[{"href":"https:\/\/mediarun.com\/pl\/wp-json\/wp\/v2\/media?parent=62297"}],"wp:term":[{"taxonomy":"category","embeddable":true,"href":"https:\/\/mediarun.com\/pl\/wp-json\/wp\/v2\/categories?post=62297"},{"taxonomy":"post_tag","embeddable":true,"href":"https:\/\/mediarun.com\/pl\/wp-json\/wp\/v2\/tags?post=62297"}],"curies":[{"name":"wp","href":"https:\/\/api.w.org\/{rel}","templated":true}]}}