{"id":62276,"date":"2007-06-04T06:00:00","date_gmt":"2007-06-04T04:00:00","guid":{"rendered":"https:\/\/mediarun.com\/index.php\/news-posts\/kurski-wiceszefem-gazety-wyborczej\/"},"modified":"2007-06-04T06:00:00","modified_gmt":"2007-06-04T04:00:00","slug":"kurski-wiceszefem-gazety-wyborczej","status":"publish","type":"post","link":"https:\/\/mediarun.com\/pl\/ludzie\/awanse\/kurski-wiceszefem-gazety-wyborczej.html","title":{"rendered":"Kurski wiceszefem Gazety Wyborczej"},"content":{"rendered":"<p><P>zast\u0119pc\u00f3w redaktora naczelnego w &#8222;GW&#8221; mia\u0142 formalnie r\u00f3wnorz\u0119dny status. &#8211; Jest to wsp\u00f3lna decyzja kierownictwa redakcji &#8211; powiedzia\u0142 zast\u0119pca naczelnego &#8222;GW&#8221; Piotr Stasi\u0144ski.<\/P><br \/>\n<P>&#8211; Adam Michnik w dalszym ci\u0105gu odpowiada za redakcj\u0119 Gazety Wyborczej, ale przy bie\u017c\u0105cej pracy pojawia si\u0119 rzadziej, wi\u0119c by\u0142a taka potrzeba, by jedna z os\u00f3b z naszego grona odpowiada\u0142a za bie\u017c\u0105c\u0105 prac\u0119 w spos\u00f3b wyra\u017anie usytuowany i t\u0105 osob\u0105 jest Jaros\u0142aw Kurski &#8211; powiedzia\u0142 Stasi\u0144ski.<\/P><br \/>\n<P>Od pewnego czasu nie milkn\u0105 spekulacje, \u017ce Kurski obejmie po Adamie Michniku stanowisko redaktora naczelnego, media donosi\u0142y te\u017c, \u017ce z Gazety odej\u015b\u0107 ma z-ca red. naczelnego &#8211; Helena \u0141uczywo. &#8211; Ona pracuje z nami jeszcze, ale troch\u0119 mniej si\u0119 w\u0142\u0105cza w bie\u017c\u0105c\u0105 prac\u0119. W odpowiednim momencie uka\u017ce si\u0119 informacja na ten temat &#8211; powiedzia\u0142 Stasi\u0144ski odnosz\u0105c si\u0119 do tych spekulacji.<\/P><br \/>\n<P>Jaros\u0142aw Kurski pracuje w &#8222;Gazecie&#8221; od ko\u0144ca 1991 r. Pocz\u0105tkowo by\u0142 publicyst\u0105 w dziale Opinii i Gazecie \u015awi\u0105tecznej. W styczniu 2007 roku obj\u0105\u0142 stanowisko zast\u0119pcy redaktora naczelnego. J. Kurski zwi\u0105zany jest tak\u017ce radiem TOK FM, w kt\u00f3rym prowadzi porann\u0105 audycj\u0119 publicystyczn\u0105.<\/P><br \/>\n<P>Zanim trafi\u0142 do &#8222;GW&#8221; by\u0142 korespondentem hiszpa\u0144skiej agencji EFE, pracowa\u0142 w Tygodniku Gda\u0144skim. W latach 1989-90 by\u0142 rzecznikiem prasowym Lecha Wa\u0142\u0119sy, o kt\u00f3rym napisa\u0142 nast\u0119pnie ksi\u0105\u017ck\u0119 &#8222;W\u00f3dz&#8221;. W czasach PRL Kurski dzia\u0142a\u0142 w opozycji demokratycznej. Nale\u017ca\u0142 do Ruchu M\u0142odej Polski, publikowa\u0142 w prasie podziemnej, redagowa\u0142 &#8222;Biuletyn Informacyjny Solidarno\u015bci&#8221;.<\/P><br \/>\n<P>Prywatnie Jaros\u0142aw Kurski jest bratem pos\u0142a PiS &#8211; Jacka Kurskiego i synem senator PiS Anny Kurskiej. W &#8222;GW&#8221; jest pi\u0119cioro zast\u0119pc\u00f3w redaktora naczelnego: opr\u00f3cz Kurskiego: Helena \u0141uczywo, Piotr Pacewicz, Piotr Stasi\u0144ski i Pawe\u0142 \u0141awi\u0144ski.<\/P><\/p>\n","protected":false},"excerpt":{"rendered":"Jaros\u0142aw Kurski jest pierwszym zast\u0119pc\u0105 redaktora naczelnego Gazety Wyborczej. To nowe stanowisko &#8211; do tej pory pi\u0119cioro&#8230;","protected":false},"author":1,"featured_media":62277,"comment_status":"open","ping_status":"closed","sticky":false,"template":"","format":"standard","meta":{"csco_display_header_overlay":false,"csco_singular_sidebar":"","csco_page_header_type":"","csco_page_load_nextpost":"","csco_post_video_location":[],"csco_post_video_location_hash":"","csco_post_video_url":"","csco_post_video_bg_start_time":0,"csco_post_video_bg_end_time":0,"footnotes":""},"categories":[9678],"tags":[],"class_list":{"0":"post-62276","1":"post","2":"type-post","3":"status-publish","4":"format-standard","5":"has-post-thumbnail","7":"category-awanse","8":"cs-entry","9":"cs-video-wrap"},"_links":{"self":[{"href":"https:\/\/mediarun.com\/pl\/wp-json\/wp\/v2\/posts\/62276","targetHints":{"allow":["GET"]}}],"collection":[{"href":"https:\/\/mediarun.com\/pl\/wp-json\/wp\/v2\/posts"}],"about":[{"href":"https:\/\/mediarun.com\/pl\/wp-json\/wp\/v2\/types\/post"}],"author":[{"embeddable":true,"href":"https:\/\/mediarun.com\/pl\/wp-json\/wp\/v2\/users\/1"}],"replies":[{"embeddable":true,"href":"https:\/\/mediarun.com\/pl\/wp-json\/wp\/v2\/comments?post=62276"}],"version-history":[{"count":0,"href":"https:\/\/mediarun.com\/pl\/wp-json\/wp\/v2\/posts\/62276\/revisions"}],"wp:featuredmedia":[{"embeddable":true,"href":"https:\/\/mediarun.com\/pl\/wp-json\/wp\/v2\/media\/62277"}],"wp:attachment":[{"href":"https:\/\/mediarun.com\/pl\/wp-json\/wp\/v2\/media?parent=62276"}],"wp:term":[{"taxonomy":"category","embeddable":true,"href":"https:\/\/mediarun.com\/pl\/wp-json\/wp\/v2\/categories?post=62276"},{"taxonomy":"post_tag","embeddable":true,"href":"https:\/\/mediarun.com\/pl\/wp-json\/wp\/v2\/tags?post=62276"}],"curies":[{"name":"wp","href":"https:\/\/api.w.org\/{rel}","templated":true}]}}