{"id":62219,"date":"2007-06-06T00:01:00","date_gmt":"2007-06-05T22:01:00","guid":{"rendered":"https:\/\/mediarun.com\/index.php\/news-posts\/bauer-wzmacnia-biuro-reklamy\/"},"modified":"2007-06-06T00:01:00","modified_gmt":"2007-06-05T22:01:00","slug":"bauer-wzmacnia-biuro-reklamy","status":"publish","type":"post","link":"https:\/\/mediarun.com\/pl\/ludzie\/awanse\/bauer-wzmacnia-biuro-reklamy.html","title":{"rendered":"Bauer wzmacnia biuro reklamy"},"content":{"rendered":"<p><P>Urszula Angie\u0142ow obj\u0119\u0142a stanowisko specjalisty ds. reklamy. Ostatnio pracowa\u0142a na stanowisku starszego konsultanta ds. reklamy w wydawnictwie Murator. W Bauerze zajmie si\u0119 g\u0142\u00f3wnie obs\u0142ug\u0105 klient\u00f3w z bran\u017cy wn\u0119trzarskiej i budowlanej.<\/P><br \/>\n<P>Marcin Ja\u015bkiewicz obj\u0105\u0142 r\u00f3wnie\u017c stanowisko specjalisty ds. reklamy. Ostatnio pracowa\u0142 w biurze reklamy TVP. W Bauerze zajmie si\u0119 g\u0142\u00f3wnie obs\u0142ug\u0105 klient\u00f3w z bran\u017cy telekomunikacyjnej i spo\u017cywczej.<\/P><br \/>\n<P>1 czerwca do dzia\u0142u reklamy pism poradniczych do\u0142\u0105czy\u0142a tak\u017ce Dorota Bednarczyk, kt\u00f3ra obj\u0119\u0142a stanowisko m\u0142odszego specjalisty ds. reklamy. Wzmocni zesp\u00f3\u0142 magazynu Tina. Poprzednio pracowa\u0142a mi\u0119dzy innymi w Media Tech Polska i TDC Internet Polska.<\/P><\/p>\n","protected":false},"excerpt":{"rendered":"1 czerwca do dzia\u0142u reklamy pism telewizyjnych wydawnictwa Bauer do\u0142\u0105czy\u0142y dwie nowe osoby.","protected":false},"author":1,"featured_media":62220,"comment_status":"open","ping_status":"closed","sticky":false,"template":"","format":"standard","meta":{"csco_display_header_overlay":false,"csco_singular_sidebar":"","csco_page_header_type":"","csco_page_load_nextpost":"","csco_post_video_location":[],"csco_post_video_location_hash":"","csco_post_video_url":"","csco_post_video_bg_start_time":0,"csco_post_video_bg_end_time":0,"footnotes":""},"categories":[9678],"tags":[60],"class_list":{"0":"post-62219","1":"post","2":"type-post","3":"status-publish","4":"format-standard","5":"has-post-thumbnail","7":"category-awanse","8":"tag-bauer","9":"cs-entry","10":"cs-video-wrap"},"_links":{"self":[{"href":"https:\/\/mediarun.com\/pl\/wp-json\/wp\/v2\/posts\/62219","targetHints":{"allow":["GET"]}}],"collection":[{"href":"https:\/\/mediarun.com\/pl\/wp-json\/wp\/v2\/posts"}],"about":[{"href":"https:\/\/mediarun.com\/pl\/wp-json\/wp\/v2\/types\/post"}],"author":[{"embeddable":true,"href":"https:\/\/mediarun.com\/pl\/wp-json\/wp\/v2\/users\/1"}],"replies":[{"embeddable":true,"href":"https:\/\/mediarun.com\/pl\/wp-json\/wp\/v2\/comments?post=62219"}],"version-history":[{"count":0,"href":"https:\/\/mediarun.com\/pl\/wp-json\/wp\/v2\/posts\/62219\/revisions"}],"wp:featuredmedia":[{"embeddable":true,"href":"https:\/\/mediarun.com\/pl\/wp-json\/wp\/v2\/media\/62220"}],"wp:attachment":[{"href":"https:\/\/mediarun.com\/pl\/wp-json\/wp\/v2\/media?parent=62219"}],"wp:term":[{"taxonomy":"category","embeddable":true,"href":"https:\/\/mediarun.com\/pl\/wp-json\/wp\/v2\/categories?post=62219"},{"taxonomy":"post_tag","embeddable":true,"href":"https:\/\/mediarun.com\/pl\/wp-json\/wp\/v2\/tags?post=62219"}],"curies":[{"name":"wp","href":"https:\/\/api.w.org\/{rel}","templated":true}]}}