{"id":6214,"date":"2012-05-22T16:12:32","date_gmt":"2012-05-22T14:12:32","guid":{"rendered":"https:\/\/mediarun.com\/index.php\/news-posts\/tvn24-zaprosi-do-strefy-kibica\/"},"modified":"2012-05-22T16:12:32","modified_gmt":"2012-05-22T14:12:32","slug":"tvn24-zaprosi-do-strefy-kibica","status":"publish","type":"post","link":"https:\/\/mediarun.com\/pl\/media\/tv\/tvn24-zaprosi-do-strefy-kibica.html","title":{"rendered":"TVN24 zaprosi do &#8222;Strefy kibica&#8221;"},"content":{"rendered":"<p>Opr&oacute;cz informacji o meczach Mistrzostw Europy w pi\u0142ce no\u017cnej na antenie TVN24 pojawi\u0105 si\u0119 tak\u017ce ciekawostki zza kulis oraz komentarze. W &#8222;Strefie kibica&#8221; b\u0119d\u0105 r&oacute;wnie\u017c poruszane takie tematy jak m.in. stroje pi\u0142karzy, stadiony, diety sportowc&oacute;w czy \u017cycie prywatne zawodnik&oacute;w.<\/p>\n<p>&#8222;Strefa Kibica&#8221; to codzienne pasmo, kt&oacute;re stacja TVN24 b\u0119dzie emitowa\u0142a od 6 czerwca do 2 lipca br. pocz\u0105wszy od poranka.&nbsp;<\/p>\n<p>Jaros\u0142aw Ku\u017aniar, gospodarz &#8222;Poranka&#8221;, przypomni widzom jakie mecze zostan\u0105 rozegrane wieczorem, a tak\u017ce po\u0142\u0105czy si\u0119 ze specjalnymi wys\u0142annikami TVN24 na Ukrainie i w Polsce, kt&oacute;rzy opowiedz\u0105 o przygotowaniach i porozmawiaj\u0105 z kibicami.<\/p>\n<p>Kolejne wej\u015bcia ze &#8222;Strefy&#8221; odb\u0119d\u0105 si\u0119 w przerwach mecz&oacute;w, czyli o godz. 18.45 i godz. 21.30. Przez ten kwadrans Marcin \u017bebrowski wraz z komentatorami przeanalizuj\u0105 najlepsze momenty, bramki, faule. W lo\u017cy komentatorskiej zasi\u0105d\u0105: Maciej Szcz\u0119sny, by\u0142y bramkarz reprezentacji oraz dziennikarze Micha\u0142 Pol i Tomasz Zimoch.<\/p>\n<p>Zaraz po meczu nast\u0105pi kolejne spotkanie w &#8222;Strefie kibica&#8221; &#8211; o godz. 22.30. Tym razem gospodarze &#8222;Szk\u0142a kontaktowego&#8221; &#8211; Grzegorz Miecugow i Tomasz Sianecki &#8211; skomentuj\u0105 wyniki mecz&oacute;w.<\/p>\n<p>Ostatnia wizyta w &#8222;Strefie dla kibica&#8221; nast\u0105pi o godz. 23.45, w formie podsumowania pi\u0142karskiego dnia.<\/p>\n<p>Z okazji Euro 2012, redakcja &#8222;Fakt&oacute;w&#8221; przygotuje specjalne serwisy, kt&oacute;re przypadn\u0105 na inauguracj\u0119 mistrzostw, mecze Polak&oacute;w oraz fina\u0142.<\/p>\n","protected":false},"excerpt":{"rendered":"TVN24 z my\u015bl\u0105 o Euro 2012 uruchomi specjalne pasmo &#8222;Strefa kibica&#8221;. Program emitowany b\u0119dzie&nbsp;pi\u0119\u0107 razy na dob\u0119.&nbsp;","protected":false},"author":1,"featured_media":6215,"comment_status":"open","ping_status":"closed","sticky":false,"template":"","format":"standard","meta":{"csco_display_header_overlay":false,"csco_singular_sidebar":"","csco_page_header_type":"","csco_page_load_nextpost":"","csco_post_video_location":[],"csco_post_video_location_hash":"","csco_post_video_url":"","csco_post_video_bg_start_time":0,"csco_post_video_bg_end_time":0,"footnotes":""},"categories":[9670],"tags":[4986],"class_list":{"0":"post-6214","1":"post","2":"type-post","3":"status-publish","4":"format-standard","5":"has-post-thumbnail","7":"category-tv","8":"tag-tvn-24","9":"cs-entry","10":"cs-video-wrap"},"_links":{"self":[{"href":"https:\/\/mediarun.com\/pl\/wp-json\/wp\/v2\/posts\/6214","targetHints":{"allow":["GET"]}}],"collection":[{"href":"https:\/\/mediarun.com\/pl\/wp-json\/wp\/v2\/posts"}],"about":[{"href":"https:\/\/mediarun.com\/pl\/wp-json\/wp\/v2\/types\/post"}],"author":[{"embeddable":true,"href":"https:\/\/mediarun.com\/pl\/wp-json\/wp\/v2\/users\/1"}],"replies":[{"embeddable":true,"href":"https:\/\/mediarun.com\/pl\/wp-json\/wp\/v2\/comments?post=6214"}],"version-history":[{"count":0,"href":"https:\/\/mediarun.com\/pl\/wp-json\/wp\/v2\/posts\/6214\/revisions"}],"wp:featuredmedia":[{"embeddable":true,"href":"https:\/\/mediarun.com\/pl\/wp-json\/wp\/v2\/media\/6215"}],"wp:attachment":[{"href":"https:\/\/mediarun.com\/pl\/wp-json\/wp\/v2\/media?parent=6214"}],"wp:term":[{"taxonomy":"category","embeddable":true,"href":"https:\/\/mediarun.com\/pl\/wp-json\/wp\/v2\/categories?post=6214"},{"taxonomy":"post_tag","embeddable":true,"href":"https:\/\/mediarun.com\/pl\/wp-json\/wp\/v2\/tags?post=6214"}],"curies":[{"name":"wp","href":"https:\/\/api.w.org\/{rel}","templated":true}]}}