{"id":62064,"date":"2007-06-12T06:00:00","date_gmt":"2007-06-12T04:00:00","guid":{"rendered":"https:\/\/mediarun.com\/index.php\/news-posts\/radio-zet-roman-przestan-pieprzyc\/"},"modified":"2007-06-12T06:00:00","modified_gmt":"2007-06-12T04:00:00","slug":"radio-zet-roman-przestan-pieprzyc","status":"publish","type":"post","link":"https:\/\/mediarun.com\/pl\/media\/radio\/radio-zet-roman-przestan-pieprzyc.html","title":{"rendered":"Radio Zet: &quot;Roman, przesta\u0144 pieprzy\u0107&quot;"},"content":{"rendered":"<p><P>Marek Starybrat, prezenter rozg\u0142o\u015bni, po zako\u0144czeniu audycji Moniki Olejnik &#8222;Go\u015b\u0107 Radia Zet&#8221; powiedzia\u0142: &#8222;Roman, przesta\u0144 pieprzy\u0107&#8221;. &#8211; Chcieliby\u015bmy wezwa\u0107 KRRiT, aby skorzysta\u0142a ze swoich ustawowych uprawnie\u0144 i za t\u0105 wypowied\u017a na\u0142o\u017cy\u0142a kar\u0119 na Radio Zet &#8211; m\u00f3wi Krzysztof Bosak z LPR.<\/P><br \/>\n<P>Zdaniem pos\u0142\u00f3w Ligi, wypowied\u017a po adresem Giertycha &#8222;to drastyczne z\u0142amanie zasad pracy dziennikarskiej i tego, w jaki spos\u00f3b powinni ze sob\u0105 wsp\u00f3\u0142pracowa\u0107 dziennikarze i politycy&#8221;. Jak ocenili, zniewa\u017cy\u0142a ona &#8222;urz\u0119dnika pa\u0144stwowego, wykonuj\u0105cego swoj\u0105 prac\u0119&#8221;.<\/P><br \/>\n<P>&#8211; By\u0142 to niefortunny komentarz prowadz\u0105cego, podsumowuj\u0105cy rozmow\u0119 Moniki Olejnik z wicepremierem Romanem Giertychem. Wypowied\u017a ta oczywi\u015bcie nie powinna by\u0142a znale\u017a\u0107 si\u0119 na antenie. Prezes Radia Zet w imieniu swoim i stacji przeprosi\u0142 ju\u017c listownie wicepremiera &#8211; wyja\u015bnia PAP Katarzyna Brzezi\u0144ska, rzecznik prasowy Radia Zet.<\/P><br \/>\n<P>Jak poda\u0142a w poniedzia\u0142ek wieczorem TVN24, szefowa KRRiT powiedzia\u0142a, \u017ce: &#8222;Krajowa Rada nie ma podstaw do ukarania Radia Zet, a ta sprawa kwalifikuje si\u0119 raczej do oceny przez Rad\u0119 Etyki Medi\u00f3w lub do s\u0105du&#8221;.<\/P><\/p>\n","protected":false},"excerpt":{"rendered":"Pos\u0142owie Ligi Polskiej Rodzin chc\u0105, aby KRRiT na\u0142o\u017cy\u0142a kar\u0119 na Radio Zet w zwi\u0105zku z porann\u0105 wypowiedzi\u0105 pod adresem Romana Giertycha.","protected":false},"author":1,"featured_media":62065,"comment_status":"open","ping_status":"closed","sticky":false,"template":"","format":"standard","meta":{"csco_display_header_overlay":false,"csco_singular_sidebar":"","csco_page_header_type":"","csco_page_load_nextpost":"","csco_post_video_location":[],"csco_post_video_location_hash":"","csco_post_video_url":"","csco_post_video_bg_start_time":0,"csco_post_video_bg_end_time":0,"footnotes":""},"categories":[9672],"tags":[4986],"class_list":{"0":"post-62064","1":"post","2":"type-post","3":"status-publish","4":"format-standard","5":"has-post-thumbnail","7":"category-radio","8":"tag-tvn-24","9":"cs-entry","10":"cs-video-wrap"},"_links":{"self":[{"href":"https:\/\/mediarun.com\/pl\/wp-json\/wp\/v2\/posts\/62064","targetHints":{"allow":["GET"]}}],"collection":[{"href":"https:\/\/mediarun.com\/pl\/wp-json\/wp\/v2\/posts"}],"about":[{"href":"https:\/\/mediarun.com\/pl\/wp-json\/wp\/v2\/types\/post"}],"author":[{"embeddable":true,"href":"https:\/\/mediarun.com\/pl\/wp-json\/wp\/v2\/users\/1"}],"replies":[{"embeddable":true,"href":"https:\/\/mediarun.com\/pl\/wp-json\/wp\/v2\/comments?post=62064"}],"version-history":[{"count":0,"href":"https:\/\/mediarun.com\/pl\/wp-json\/wp\/v2\/posts\/62064\/revisions"}],"wp:featuredmedia":[{"embeddable":true,"href":"https:\/\/mediarun.com\/pl\/wp-json\/wp\/v2\/media\/62065"}],"wp:attachment":[{"href":"https:\/\/mediarun.com\/pl\/wp-json\/wp\/v2\/media?parent=62064"}],"wp:term":[{"taxonomy":"category","embeddable":true,"href":"https:\/\/mediarun.com\/pl\/wp-json\/wp\/v2\/categories?post=62064"},{"taxonomy":"post_tag","embeddable":true,"href":"https:\/\/mediarun.com\/pl\/wp-json\/wp\/v2\/tags?post=62064"}],"curies":[{"name":"wp","href":"https:\/\/api.w.org\/{rel}","templated":true}]}}