{"id":62038,"date":"2007-06-12T13:51:02","date_gmt":"2007-06-12T11:51:02","guid":{"rendered":"https:\/\/mediarun.com\/index.php\/news-posts\/radio-bis-nadal-stacja-mlodziezowa\/"},"modified":"2007-06-12T13:51:02","modified_gmt":"2007-06-12T11:51:02","slug":"radio-bis-nadal-stacja-mlodziezowa","status":"publish","type":"post","link":"https:\/\/mediarun.com\/pl\/media\/radio\/radio-bis-nadal-stacja-mlodziezowa.html","title":{"rendered":"Radio Bis nadal stacj\u0105 m\u0142odzie\u017cow\u0105?"},"content":{"rendered":"<p>&#8211; W tej chwili trwaj\u0105 dyskusje na temat przysz\u0142o\u015bci Radia Bis &#8211; t\u0142umaczy Krzysztof Czaba\u0144ski. Wed\u0142ug zapowiedzi prezesa Polskiego Radia, kierunek m\u0142odzie\u017cowy ma zosta\u0107 utrzymany. <\/p>\n<p>By\u0107 mo\u017ce profil rozg\u0142o\u015bni zostanie wzbogacony o nowe formaty. &#8211; Musimy wymy\u015bli\u0107 radio m\u0142odzie\u017cowe, kt\u00f3re w ci\u0105gu 2 &#8211; 3 lat b\u0119dzie mia\u0142o 2 &#8211; 3 proc. udzia\u0142\u00f3w w rynku &#8211; wyja\u015bnia Czaba\u0144ski.<\/p>\n<p>Pod koniec kwietnia Tadeusz Fredro &#8211; Boniecki, rzecznik prasowy Polskiego Radia, m\u00f3wi\u0142 nam, \u017ce s\u0105 rozwa\u017cane r\u00f3\u017cne koncepcje dotycz\u0105ce Radia Bis. Jedn\u0105 z mo\u017cliwo\u015bci by\u0142aby zmiana formatu z m\u0142odzie\u017cowego na s\u0142owno &#8211; informacyjny.<\/p>\n<p>Czaba\u0144ski t\u0142umaczy, \u017ce Radio Bis nie zostanie zast\u0105pione przez Inforadio. Nie zdradza jednak, w jaki spos\u00f3b nowy program Polskiego Radia b\u0119dzie dost\u0119pny na UKFie. <\/p>\n<p>Prezes Polskiego Radia zapytany, czy jest mo\u017cliwe, \u017ce Inforadio w og\u00f3le nie powstanie, odpowiada: &#8211; Tak wariant te\u017c jest rozwa\u017cany. Zdaniem Czaba\u0144skiego, antena informacyjna mog\u0142aby by\u0107 &#8222;niepotrzebn\u0105 konkurencj\u0105&#8221; dla radiowej Jedynki.<\/p>\n<p>Inforadio mia\u0142oby rozpocz\u0105\u0107 nadawanie jeszcze w tym roku. Jednak ostateczne decyzje zostan\u0105 podj\u0119te najprawdopodobniej w pa\u017adzierniku.<\/p>\n","protected":false},"excerpt":{"rendered":"Profil m\u0142odzie\u017cowy Radia Bis najprawdopodobniej zostanie utrzymany &#8211; zapowiada Krzysztof Czaba\u0144ski, prezes Polskiego Radia. Ostateczne decyzje o przysz\u0142o\u015bci tej anteny zapadn\u0105 na prze\u0142omie czerwca i lipca. Czaba\u0144ski podtrzymuje tak\u017ce wcze\u015bniejsze zapowiedzi, \u017ce do ko\u0144ca roku zostanie uruchomione Inforadio.","protected":false},"author":1,"featured_media":62039,"comment_status":"open","ping_status":"closed","sticky":false,"template":"","format":"standard","meta":{"csco_display_header_overlay":false,"csco_singular_sidebar":"","csco_page_header_type":"","csco_page_load_nextpost":"","csco_post_video_location":[],"csco_post_video_location_hash":"","csco_post_video_url":"","csco_post_video_bg_start_time":0,"csco_post_video_bg_end_time":0,"footnotes":""},"categories":[9672],"tags":[],"class_list":{"0":"post-62038","1":"post","2":"type-post","3":"status-publish","4":"format-standard","5":"has-post-thumbnail","7":"category-radio","8":"cs-entry","9":"cs-video-wrap"},"_links":{"self":[{"href":"https:\/\/mediarun.com\/pl\/wp-json\/wp\/v2\/posts\/62038","targetHints":{"allow":["GET"]}}],"collection":[{"href":"https:\/\/mediarun.com\/pl\/wp-json\/wp\/v2\/posts"}],"about":[{"href":"https:\/\/mediarun.com\/pl\/wp-json\/wp\/v2\/types\/post"}],"author":[{"embeddable":true,"href":"https:\/\/mediarun.com\/pl\/wp-json\/wp\/v2\/users\/1"}],"replies":[{"embeddable":true,"href":"https:\/\/mediarun.com\/pl\/wp-json\/wp\/v2\/comments?post=62038"}],"version-history":[{"count":0,"href":"https:\/\/mediarun.com\/pl\/wp-json\/wp\/v2\/posts\/62038\/revisions"}],"wp:featuredmedia":[{"embeddable":true,"href":"https:\/\/mediarun.com\/pl\/wp-json\/wp\/v2\/media\/62039"}],"wp:attachment":[{"href":"https:\/\/mediarun.com\/pl\/wp-json\/wp\/v2\/media?parent=62038"}],"wp:term":[{"taxonomy":"category","embeddable":true,"href":"https:\/\/mediarun.com\/pl\/wp-json\/wp\/v2\/categories?post=62038"},{"taxonomy":"post_tag","embeddable":true,"href":"https:\/\/mediarun.com\/pl\/wp-json\/wp\/v2\/tags?post=62038"}],"curies":[{"name":"wp","href":"https:\/\/api.w.org\/{rel}","templated":true}]}}