{"id":61960,"date":"2007-06-14T06:00:00","date_gmt":"2007-06-14T04:00:00","guid":{"rendered":"https:\/\/mediarun.com\/index.php\/news-posts\/jethon-przechodzi-do-jedynki\/"},"modified":"2007-06-14T06:00:00","modified_gmt":"2007-06-14T04:00:00","slug":"jethon-przechodzi-do-jedynki","status":"publish","type":"post","link":"https:\/\/mediarun.com\/pl\/ludzie\/awanse\/jethon-przechodzi-do-jedynki.html","title":{"rendered":"Jethon przechodzi do Jedynki"},"content":{"rendered":"<p><P>redakcji rozrywki, nauki i kultury w radiowej Jedynce. O tym, \u017ce Magdalena Jethon b\u0119dzie kierowa\u0142a redakcj\u0105 rozrywki, nauki i kultury w Jedynce poinformowa\u0142 Presserwis.<\/P><br \/>\n<P>&#8211;&nbsp;Od 1 kwietnia zmieni\u0142a si\u0119 struktura organizacyjna Polskiego Radia. We wcze\u015bniejszej nie by\u0142o takiego stanowiska&nbsp;&#8211; t\u0142umaczy nam Krystyna Matelska, starszy specjalista dzia\u0142u komunikacji i public relations Polskiego Radia.<\/P><br \/>\n<P>Magdalena Jethon z Radiem Bis zwi\u0105zana by\u0142a od pocz\u0105tku roku. Wcze\u015bniej pracowa\u0142a w radiowej Tr\u00f3jce.<\/P><\/p>\n","protected":false},"excerpt":{"rendered":"Magdalena Jethon, dotychczasowa szefowa popo\u0142udniowego pasma &quot;Bis Up&quot; w Radiu Bis, zosta\u0142a kierownikiem&#8230;","protected":false},"author":1,"featured_media":61961,"comment_status":"open","ping_status":"closed","sticky":false,"template":"","format":"standard","meta":{"csco_display_header_overlay":false,"csco_singular_sidebar":"","csco_page_header_type":"","csco_page_load_nextpost":"","csco_post_video_location":[],"csco_post_video_location_hash":"","csco_post_video_url":"","csco_post_video_bg_start_time":0,"csco_post_video_bg_end_time":0,"footnotes":""},"categories":[9678],"tags":[],"class_list":{"0":"post-61960","1":"post","2":"type-post","3":"status-publish","4":"format-standard","5":"has-post-thumbnail","7":"category-awanse","8":"cs-entry","9":"cs-video-wrap"},"_links":{"self":[{"href":"https:\/\/mediarun.com\/pl\/wp-json\/wp\/v2\/posts\/61960","targetHints":{"allow":["GET"]}}],"collection":[{"href":"https:\/\/mediarun.com\/pl\/wp-json\/wp\/v2\/posts"}],"about":[{"href":"https:\/\/mediarun.com\/pl\/wp-json\/wp\/v2\/types\/post"}],"author":[{"embeddable":true,"href":"https:\/\/mediarun.com\/pl\/wp-json\/wp\/v2\/users\/1"}],"replies":[{"embeddable":true,"href":"https:\/\/mediarun.com\/pl\/wp-json\/wp\/v2\/comments?post=61960"}],"version-history":[{"count":0,"href":"https:\/\/mediarun.com\/pl\/wp-json\/wp\/v2\/posts\/61960\/revisions"}],"wp:featuredmedia":[{"embeddable":true,"href":"https:\/\/mediarun.com\/pl\/wp-json\/wp\/v2\/media\/61961"}],"wp:attachment":[{"href":"https:\/\/mediarun.com\/pl\/wp-json\/wp\/v2\/media?parent=61960"}],"wp:term":[{"taxonomy":"category","embeddable":true,"href":"https:\/\/mediarun.com\/pl\/wp-json\/wp\/v2\/categories?post=61960"},{"taxonomy":"post_tag","embeddable":true,"href":"https:\/\/mediarun.com\/pl\/wp-json\/wp\/v2\/tags?post=61960"}],"curies":[{"name":"wp","href":"https:\/\/api.w.org\/{rel}","templated":true}]}}