{"id":61929,"date":"2007-06-15T00:01:00","date_gmt":"2007-06-14T22:01:00","guid":{"rendered":"https:\/\/mediarun.com\/index.php\/news-posts\/karnowski-szefem-dzialu-politycznego-w-dzienniku\/"},"modified":"2007-06-15T00:01:00","modified_gmt":"2007-06-14T22:01:00","slug":"karnowski-szefem-dzialu-politycznego-w-dzienniku","status":"publish","type":"post","link":"https:\/\/mediarun.com\/pl\/ludzie\/awanse\/karnowski-szefem-dzialu-politycznego-w-dzienniku.html","title":{"rendered":"Karnowski szefem dzia\u0142u politycznego w Dzienniku"},"content":{"rendered":"<p><P>Micha\u0142 Karnowski w Dzienniku pracuje od listopada ubieg\u0142ego roku. Wcze\u015bniej&nbsp;&#8211; od 2001 roku&nbsp;&#8211; zwi\u0105zany by\u0142 z Newsweekiem (oba tytu\u0142y wydaje Axel Springer Polska). <\/P><br \/>\n<P>Karnowski prowadzi tak\u017ce &#8222;Salon polityczny Tr\u00f3jki&#8221;. Pracowa\u0142 r\u00f3wnie\u017c m.in. w Radiu Plus. <\/P><\/p>\n","protected":false},"excerpt":{"rendered":"Micha\u0142 Karnowski zosta\u0142 szefem dzia\u0142u politycznego w Dzienniku. Zast\u0105pi\u0142 na tym stanowisku Piotra Gursztyna, kt\u00f3ry pozostaje w gazecie.","protected":false},"author":1,"featured_media":61930,"comment_status":"open","ping_status":"closed","sticky":false,"template":"","format":"standard","meta":{"csco_display_header_overlay":false,"csco_singular_sidebar":"","csco_page_header_type":"","csco_page_load_nextpost":"","csco_post_video_location":[],"csco_post_video_location_hash":"","csco_post_video_url":"","csco_post_video_bg_start_time":0,"csco_post_video_bg_end_time":0,"footnotes":""},"categories":[9678],"tags":[177,126],"class_list":{"0":"post-61929","1":"post","2":"type-post","3":"status-publish","4":"format-standard","5":"has-post-thumbnail","7":"category-awanse","8":"tag-newsweek","9":"tag-ringier-axel-springer","10":"cs-entry","11":"cs-video-wrap"},"_links":{"self":[{"href":"https:\/\/mediarun.com\/pl\/wp-json\/wp\/v2\/posts\/61929","targetHints":{"allow":["GET"]}}],"collection":[{"href":"https:\/\/mediarun.com\/pl\/wp-json\/wp\/v2\/posts"}],"about":[{"href":"https:\/\/mediarun.com\/pl\/wp-json\/wp\/v2\/types\/post"}],"author":[{"embeddable":true,"href":"https:\/\/mediarun.com\/pl\/wp-json\/wp\/v2\/users\/1"}],"replies":[{"embeddable":true,"href":"https:\/\/mediarun.com\/pl\/wp-json\/wp\/v2\/comments?post=61929"}],"version-history":[{"count":0,"href":"https:\/\/mediarun.com\/pl\/wp-json\/wp\/v2\/posts\/61929\/revisions"}],"wp:featuredmedia":[{"embeddable":true,"href":"https:\/\/mediarun.com\/pl\/wp-json\/wp\/v2\/media\/61930"}],"wp:attachment":[{"href":"https:\/\/mediarun.com\/pl\/wp-json\/wp\/v2\/media?parent=61929"}],"wp:term":[{"taxonomy":"category","embeddable":true,"href":"https:\/\/mediarun.com\/pl\/wp-json\/wp\/v2\/categories?post=61929"},{"taxonomy":"post_tag","embeddable":true,"href":"https:\/\/mediarun.com\/pl\/wp-json\/wp\/v2\/tags?post=61929"}],"curies":[{"name":"wp","href":"https:\/\/api.w.org\/{rel}","templated":true}]}}