{"id":6190,"date":"2012-05-22T20:37:47","date_gmt":"2012-05-22T18:37:47","guid":{"rendered":"https:\/\/mediarun.com\/index.php\/news-posts\/sniezka-rozpoczyna-kampania-sprzedazowa-wideo\/"},"modified":"2012-05-22T20:37:47","modified_gmt":"2012-05-22T18:37:47","slug":"sniezka-rozpoczyna-kampania-sprzedazowa-wideo","status":"publish","type":"post","link":"https:\/\/mediarun.com\/pl\/marketing\/atl\/sniezka-rozpoczyna-kampania-sprzedazowa-wideo.html","title":{"rendered":"\u015anie\u017cka rozpoczyna kampani\u0105 sprzeda\u017cow\u0105 (wideo)"},"content":{"rendered":"<p>Oparta na ha\u015ble &#8222;\u015anie\u017cka Satynowa. Nowe oblicze koloru&#8221; kampania promowa\u0107 b\u0119dzie nowy wyr&oacute;b w ofercie marki: farb\u0119 do wn\u0119trz \u015anie\u017cka Satynowa.<\/p>\n<p>Kampania, wskazuj\u0105ca na g\u0142&oacute;wne korzy\u015bci funkcjonalne i emocjonalne, jakie \u015anie\u017cka oferuje konsumentom, obejmie telewizj\u0119, radio, pras\u0119 i internet. W telewizji wyemitowany zostanie spot pokazuj\u0105cy wp\u0142yw koloru na samopoczucie i nastr&oacute;j cz\u0142owieka. Bohaterem filmu jest trzyosobowa rodzina: mama, tata i c&oacute;rka, kt&oacute;rzy zyskuj\u0105 du\u017c\u0105 dawk\u0119 energii dzi\u0119ki kolorom z palety barw \u015anie\u017cka Satynowa. B\u0119dzie mo\u017cna go zobaczy\u0107 w najwi\u0119kszych polskich stacjach telewizyjnych, na r&oacute;\u017cnych kana\u0142ach, m.in. TVP, Polsat i TVN.<\/p>\n<p>Dzia\u0142ania w prasie nakierowane b\u0119d\u0105 na obecno\u015b\u0107 w tytu\u0142ach bran\u017cowych o tematyce wn\u0119trzarskiej i lifestylowej. W czasopismach uka\u017c\u0105 si\u0119 reklamy zwracaj\u0105ce uwag\u0119 czytelnik&oacute;w na g\u0142&oacute;wne zalety wykorzystania farb \u015anie\u017cka.<\/p>\n<p>Kampania zwraca uwag\u0119 na unikalny atrybut kolekcji \u015anie\u017cka Satynowa &#8211; 5 razy wy\u017csz\u0105 odporno\u015b\u0107 na szorowanie na mokro w por&oacute;wnaniu z farbami lateksowymi odpornymi na mycie, wg PN-C-81914.<\/p>\n<p>Za kreacje odpowiada Grupa Eskadra. Media do kampanii zaplanowa\u0142 i zakupi\u0142 dom mediowy Initiative.<\/p>\n","protected":false},"excerpt":{"rendered":"Rozpocz\u0119\u0142a si\u0119 najwi\u0119ksza w historii FFiL \u015anie\u017cka kampania reklamowa.","protected":false},"author":1,"featured_media":6191,"comment_status":"open","ping_status":"closed","sticky":false,"template":"","format":"standard","meta":{"csco_display_header_overlay":false,"csco_singular_sidebar":"","csco_page_header_type":"","csco_page_load_nextpost":"","csco_post_video_location":[],"csco_post_video_location_hash":"","csco_post_video_url":"","csco_post_video_bg_start_time":0,"csco_post_video_bg_end_time":0,"footnotes":""},"categories":[9642],"tags":[988,1147,200],"class_list":{"0":"post-6190","1":"post","2":"type-post","3":"status-publish","4":"format-standard","5":"has-post-thumbnail","7":"category-atl","8":"tag-grupa-eskadra","9":"tag-initiative","10":"tag-reklama","11":"cs-entry","12":"cs-video-wrap"},"_links":{"self":[{"href":"https:\/\/mediarun.com\/pl\/wp-json\/wp\/v2\/posts\/6190","targetHints":{"allow":["GET"]}}],"collection":[{"href":"https:\/\/mediarun.com\/pl\/wp-json\/wp\/v2\/posts"}],"about":[{"href":"https:\/\/mediarun.com\/pl\/wp-json\/wp\/v2\/types\/post"}],"author":[{"embeddable":true,"href":"https:\/\/mediarun.com\/pl\/wp-json\/wp\/v2\/users\/1"}],"replies":[{"embeddable":true,"href":"https:\/\/mediarun.com\/pl\/wp-json\/wp\/v2\/comments?post=6190"}],"version-history":[{"count":0,"href":"https:\/\/mediarun.com\/pl\/wp-json\/wp\/v2\/posts\/6190\/revisions"}],"wp:featuredmedia":[{"embeddable":true,"href":"https:\/\/mediarun.com\/pl\/wp-json\/wp\/v2\/media\/6191"}],"wp:attachment":[{"href":"https:\/\/mediarun.com\/pl\/wp-json\/wp\/v2\/media?parent=6190"}],"wp:term":[{"taxonomy":"category","embeddable":true,"href":"https:\/\/mediarun.com\/pl\/wp-json\/wp\/v2\/categories?post=6190"},{"taxonomy":"post_tag","embeddable":true,"href":"https:\/\/mediarun.com\/pl\/wp-json\/wp\/v2\/tags?post=6190"}],"curies":[{"name":"wp","href":"https:\/\/api.w.org\/{rel}","templated":true}]}}