{"id":61891,"date":"2007-06-15T06:10:27","date_gmt":"2007-06-15T04:10:27","guid":{"rendered":"https:\/\/mediarun.com\/index.php\/news-posts\/ilu-sluchaczy-ma-radio-kampus\/"},"modified":"2007-06-15T06:10:27","modified_gmt":"2007-06-15T04:10:27","slug":"ilu-sluchaczy-ma-radio-kampus","status":"publish","type":"post","link":"https:\/\/mediarun.com\/pl\/media\/radio\/ilu-sluchaczy-ma-radio-kampus.html","title":{"rendered":"Ilu s\u0142uchaczy ma Radio Kampus?"},"content":{"rendered":"<p>Rzeczpospolita donosi\u0142a, \u017ce Radio Kampus &#8222;dzia\u0142a w Warszawie od dw\u00f3ch lat, a ju\u017c ma wi\u0119cej s\u0142uchaczy ni\u017c Polskie Radio Bis, komercyjne Radio Kolor i Eska Rock&#8221;.<\/p>\n<p>Wed\u0142ug danych Radio Track, do kt\u00f3rych dotarli\u015bmy, jest zupe\u0142nie inaczej. W grupie 20. &#8211; 29. lat w Warszawie Radio Eska Rock ma 1,08 proc. udzia\u0142\u00f3w w rynku, Radio Kolor &#8211; 0,82 proc., Radio Kampus &#8211; 0,81 proc., a Radia Bis &#8211; 0,39 proc.<\/p>\n","protected":false},"excerpt":{"rendered":"Rzeczpospolita napisa\u0142a w \u015brod\u0119, powo\u0142uj\u0105c si\u0119 na ostatni\u0105 fal\u0119 badania Radio Track MillwardBrown SMG\/KRC, \u017ce Radia Kampus s\u0142ucha w Warszawie prawie 21 proc. odbiorc\u00f3w mi\u0119dzy 20. a 29. rokiem \u017cycia. Jak jest w rzeczywisto\u015bci? Akademicka rozg\u0142o\u015bnia ma w tej grupie 0,81 proc. udzia\u0142\u00f3w w rynku.","protected":false},"author":1,"featured_media":61892,"comment_status":"open","ping_status":"closed","sticky":false,"template":"","format":"standard","meta":{"csco_display_header_overlay":false,"csco_singular_sidebar":"","csco_page_header_type":"","csco_page_load_nextpost":"","csco_post_video_location":[],"csco_post_video_location_hash":"","csco_post_video_url":"","csco_post_video_bg_start_time":0,"csco_post_video_bg_end_time":0,"footnotes":""},"categories":[9672],"tags":[],"class_list":{"0":"post-61891","1":"post","2":"type-post","3":"status-publish","4":"format-standard","5":"has-post-thumbnail","7":"category-radio","8":"cs-entry","9":"cs-video-wrap"},"_links":{"self":[{"href":"https:\/\/mediarun.com\/pl\/wp-json\/wp\/v2\/posts\/61891","targetHints":{"allow":["GET"]}}],"collection":[{"href":"https:\/\/mediarun.com\/pl\/wp-json\/wp\/v2\/posts"}],"about":[{"href":"https:\/\/mediarun.com\/pl\/wp-json\/wp\/v2\/types\/post"}],"author":[{"embeddable":true,"href":"https:\/\/mediarun.com\/pl\/wp-json\/wp\/v2\/users\/1"}],"replies":[{"embeddable":true,"href":"https:\/\/mediarun.com\/pl\/wp-json\/wp\/v2\/comments?post=61891"}],"version-history":[{"count":0,"href":"https:\/\/mediarun.com\/pl\/wp-json\/wp\/v2\/posts\/61891\/revisions"}],"wp:featuredmedia":[{"embeddable":true,"href":"https:\/\/mediarun.com\/pl\/wp-json\/wp\/v2\/media\/61892"}],"wp:attachment":[{"href":"https:\/\/mediarun.com\/pl\/wp-json\/wp\/v2\/media?parent=61891"}],"wp:term":[{"taxonomy":"category","embeddable":true,"href":"https:\/\/mediarun.com\/pl\/wp-json\/wp\/v2\/categories?post=61891"},{"taxonomy":"post_tag","embeddable":true,"href":"https:\/\/mediarun.com\/pl\/wp-json\/wp\/v2\/tags?post=61891"}],"curies":[{"name":"wp","href":"https:\/\/api.w.org\/{rel}","templated":true}]}}