{"id":61748,"date":"2007-06-20T00:01:00","date_gmt":"2007-06-19T22:01:00","guid":{"rendered":"https:\/\/mediarun.com\/index.php\/news-posts\/rynkun-werner-w-zarzadzie-tvp\/"},"modified":"2007-06-20T00:01:00","modified_gmt":"2007-06-19T22:01:00","slug":"rynkun-werner-w-zarzadzie-tvp","status":"publish","type":"post","link":"https:\/\/mediarun.com\/pl\/ludzie\/awanse\/rynkun-werner-w-zarzadzie-tvp.html","title":{"rendered":"Rynkun-Werner w zarz\u0105dzie TVP"},"content":{"rendered":"<p><P>Rynkun-Werner oddelegowany przez rad\u0119 nadzorcz\u0105 pe\u0142ni\u0142 obowi\u0105zki cz\u0142onka zarz\u0105du od 3 kwietnia br. kiedy stanowisko opu\u015bci\u0142a Anna Milewska. Do jego zada\u0144 nale\u017cy koordynowanie dzia\u0142a\u0144 biura reklamy, biura marketingu i promocji oraz biura wsp\u00f3\u0142pracy mi\u0119dzynarodowej i handlu. <\/P><br \/>\n<P>Jednocze\u015bnie rada powo\u0142a\u0142a Mari\u0119 Kudro\u0144 na stanowisko dyrektora OTV Bydgoszcz, kt\u00f3ra zast\u0105pi Marka Grze\u015bkowiaka. Grze\u015bkowiak zosta\u0142 mianowany zefem sztabu Komitetu Organizacyjnego Euro 2012.<\/P><\/p>\n","protected":false},"excerpt":{"rendered":"W wyniku rozstrzygni\u0119tego przez rad\u0119 nadzorcz\u0105 post\u0119powania kwalifikacyjnego, stanowisko cz\u0142onka zarz\u0105du TVP S.A. obj\u0105\u0142 mecenas Robert Rynkun-Werner.","protected":false},"author":1,"featured_media":61749,"comment_status":"open","ping_status":"closed","sticky":false,"template":"","format":"standard","meta":{"csco_display_header_overlay":false,"csco_singular_sidebar":"","csco_page_header_type":"","csco_page_load_nextpost":"","csco_post_video_location":[],"csco_post_video_location_hash":"","csco_post_video_url":"","csco_post_video_bg_start_time":0,"csco_post_video_bg_end_time":0,"footnotes":""},"categories":[9678],"tags":[],"class_list":{"0":"post-61748","1":"post","2":"type-post","3":"status-publish","4":"format-standard","5":"has-post-thumbnail","7":"category-awanse","8":"cs-entry","9":"cs-video-wrap"},"_links":{"self":[{"href":"https:\/\/mediarun.com\/pl\/wp-json\/wp\/v2\/posts\/61748","targetHints":{"allow":["GET"]}}],"collection":[{"href":"https:\/\/mediarun.com\/pl\/wp-json\/wp\/v2\/posts"}],"about":[{"href":"https:\/\/mediarun.com\/pl\/wp-json\/wp\/v2\/types\/post"}],"author":[{"embeddable":true,"href":"https:\/\/mediarun.com\/pl\/wp-json\/wp\/v2\/users\/1"}],"replies":[{"embeddable":true,"href":"https:\/\/mediarun.com\/pl\/wp-json\/wp\/v2\/comments?post=61748"}],"version-history":[{"count":0,"href":"https:\/\/mediarun.com\/pl\/wp-json\/wp\/v2\/posts\/61748\/revisions"}],"wp:featuredmedia":[{"embeddable":true,"href":"https:\/\/mediarun.com\/pl\/wp-json\/wp\/v2\/media\/61749"}],"wp:attachment":[{"href":"https:\/\/mediarun.com\/pl\/wp-json\/wp\/v2\/media?parent=61748"}],"wp:term":[{"taxonomy":"category","embeddable":true,"href":"https:\/\/mediarun.com\/pl\/wp-json\/wp\/v2\/categories?post=61748"},{"taxonomy":"post_tag","embeddable":true,"href":"https:\/\/mediarun.com\/pl\/wp-json\/wp\/v2\/tags?post=61748"}],"curies":[{"name":"wp","href":"https:\/\/api.w.org\/{rel}","templated":true}]}}