{"id":61694,"date":"2007-06-21T06:00:00","date_gmt":"2007-06-21T04:00:00","guid":{"rendered":"https:\/\/mediarun.com\/index.php\/news-posts\/fijalkowski-z-radia-bis-do-agory\/"},"modified":"2007-06-21T06:00:00","modified_gmt":"2007-06-21T04:00:00","slug":"fijalkowski-z-radia-bis-do-agory","status":"publish","type":"post","link":"https:\/\/mediarun.com\/pl\/ludzie\/awanse\/fijalkowski-z-radia-bis-do-agory.html","title":{"rendered":"Fija\u0142kowski: z Radia Bis do Agory"},"content":{"rendered":"<p><P>Adam Fija\u0142kowski b\u0119dzie odpowiedzialny za program i promocje sieci Zlote Przeboje, Roxy FM oraz Tok FM.<\/P><br \/>\n<P>Fija\u0142kowski jest zwi\u0105zany z radiem od 16 lat. Ostatnio by\u0142 zast\u0119pc\u0105 dyrektora Radia Bis. Wcze\u015bniej podobne stanowisko piastowa\u0142 w radiowej Tr\u00f3jce. Przez ponad 10 lat zwi\u0105zany by\u0142 z Radiem Gda\u0144sk.<BR><\/P><\/p>\n","protected":false},"excerpt":{"rendered":"Adam Fija\u0142kowski, by\u0142y wiceszef Radia Bis, zostanie od sierpnia dyrektorem programu i promocji Grupy Radiowej Agory.","protected":false},"author":1,"featured_media":61695,"comment_status":"open","ping_status":"closed","sticky":false,"template":"","format":"standard","meta":{"csco_display_header_overlay":false,"csco_singular_sidebar":"","csco_page_header_type":"","csco_page_load_nextpost":"","csco_post_video_location":[],"csco_post_video_location_hash":"","csco_post_video_url":"","csco_post_video_bg_start_time":0,"csco_post_video_bg_end_time":0,"footnotes":""},"categories":[9678],"tags":[],"class_list":{"0":"post-61694","1":"post","2":"type-post","3":"status-publish","4":"format-standard","5":"has-post-thumbnail","7":"category-awanse","8":"cs-entry","9":"cs-video-wrap"},"_links":{"self":[{"href":"https:\/\/mediarun.com\/pl\/wp-json\/wp\/v2\/posts\/61694","targetHints":{"allow":["GET"]}}],"collection":[{"href":"https:\/\/mediarun.com\/pl\/wp-json\/wp\/v2\/posts"}],"about":[{"href":"https:\/\/mediarun.com\/pl\/wp-json\/wp\/v2\/types\/post"}],"author":[{"embeddable":true,"href":"https:\/\/mediarun.com\/pl\/wp-json\/wp\/v2\/users\/1"}],"replies":[{"embeddable":true,"href":"https:\/\/mediarun.com\/pl\/wp-json\/wp\/v2\/comments?post=61694"}],"version-history":[{"count":0,"href":"https:\/\/mediarun.com\/pl\/wp-json\/wp\/v2\/posts\/61694\/revisions"}],"wp:featuredmedia":[{"embeddable":true,"href":"https:\/\/mediarun.com\/pl\/wp-json\/wp\/v2\/media\/61695"}],"wp:attachment":[{"href":"https:\/\/mediarun.com\/pl\/wp-json\/wp\/v2\/media?parent=61694"}],"wp:term":[{"taxonomy":"category","embeddable":true,"href":"https:\/\/mediarun.com\/pl\/wp-json\/wp\/v2\/categories?post=61694"},{"taxonomy":"post_tag","embeddable":true,"href":"https:\/\/mediarun.com\/pl\/wp-json\/wp\/v2\/tags?post=61694"}],"curies":[{"name":"wp","href":"https:\/\/api.w.org\/{rel}","templated":true}]}}