{"id":6162,"date":"2012-05-24T12:15:57","date_gmt":"2012-05-24T10:15:57","guid":{"rendered":"https:\/\/mediarun.com\/index.php\/news-posts\/jagielski-hugo-bader-i-kydrynski-w-nowym-kwartalniku-o-podrozach\/"},"modified":"2012-05-24T12:15:57","modified_gmt":"2012-05-24T10:15:57","slug":"jagielski-hugo-bader-i-kydrynski-w-nowym-kwartalniku-o-podrozach","status":"publish","type":"post","link":"https:\/\/mediarun.com\/pl\/media\/prasa\/jagielski-hugo-bader-i-kydrynski-w-nowym-kwartalniku-o-podrozach.html","title":{"rendered":"Jagielski, Hugo-Bader i Kydry\u0144ski w nowym kwartalniku o podr\u00f3\u017cach"},"content":{"rendered":"<p>W pi\u015bmie Kontynenty znajd\u0105 si\u0119 m.in. osobiste relacje reporter&oacute;w, fotograf&oacute;w i podr&oacute;\u017cnik&oacute;w, historie podr&oacute;\u017cy i wielkich odkry\u0107, wywiady, a tak\u017ce fragmenty przygotowywanych do druku ksi\u0105\u017cek podr&oacute;\u017cniczych i reporterskich oraz zapowiedzi nowo\u015bci wydawniczych z tego nurtu.<\/p>\n<p>W pierwszym numerze czytelnicy znajd\u0105 m.in.: &#8222;Zapiski mo\u0142dawskie&#8221; Andrzeja Stasiuka, programowe i osobiste wyznania Jacka Hugo-Badera o jego reporterskiej drodze, opowie\u015b\u0107 Wojciecha Jagielskiego o skandalach m\u0142odego Mandeli, a tak\u017ce wizjonerskie por&oacute;wnanie tera\u017aniejszo\u015bci Japonii z przysz\u0142o\u015bci\u0105 Europy pi&oacute;ra Pauliny Wilk.<\/p>\n<p>Kontynenty b\u0119d\u0105 ukazywa\u0142y si\u0119 w cyklu kwartalnym, a jego cena wyniesie 13,95 z\u0142.<\/p>\n<p>Autorami s\u0105 r&oacute;wnie\u017c dziennikarze i reporterzy Gazety Wyborczej. Makiet\u0119 Kontynent&oacute;w opracowa\u0142 zesp&oacute;\u0142 czasopism Agory. Autorem szaty graficznej jest Andrzej Przygodzki, a ilustracji ok\u0142adkowej &#8211; Piotr Le\u015bniak.<\/p>\n<p>Kontynenty b\u0119d\u0105 promowane w prasie (Gazeta Wyborcza i dziennik Metro, czasopisma Agory, Newsweek, Forbes), w stacjach radiowych (Radio TOK FM, Radio Z\u0142ote Przeboje, Radio Roxy) oraz w portalu Gazeta.pl i serwisie Podroze.gazeta.pl.<\/p>\n","protected":false},"excerpt":{"rendered":"25 maja br. Agora wprowadzi\u0142a na rynek nowy magazyn o podr&oacute;\u017cach &#8211; Kontynenty. W gronie autor&oacute;w znale\u017ali si\u0119 m.in. Wojciech Jagielski czy Jacek Hugo-Bader, Marcin Kydry\u0144ski.","protected":false},"author":1,"featured_media":6163,"comment_status":"open","ping_status":"closed","sticky":false,"template":"","format":"standard","meta":{"csco_display_header_overlay":false,"csco_singular_sidebar":"","csco_page_header_type":"","csco_page_load_nextpost":"","csco_post_video_location":[],"csco_post_video_location_hash":"","csco_post_video_url":"","csco_post_video_bg_start_time":0,"csco_post_video_bg_end_time":0,"footnotes":""},"categories":[9673],"tags":[214],"class_list":{"0":"post-6162","1":"post","2":"type-post","3":"status-publish","4":"format-standard","5":"has-post-thumbnail","7":"category-prasa","8":"tag-agora","9":"cs-entry","10":"cs-video-wrap"},"_links":{"self":[{"href":"https:\/\/mediarun.com\/pl\/wp-json\/wp\/v2\/posts\/6162","targetHints":{"allow":["GET"]}}],"collection":[{"href":"https:\/\/mediarun.com\/pl\/wp-json\/wp\/v2\/posts"}],"about":[{"href":"https:\/\/mediarun.com\/pl\/wp-json\/wp\/v2\/types\/post"}],"author":[{"embeddable":true,"href":"https:\/\/mediarun.com\/pl\/wp-json\/wp\/v2\/users\/1"}],"replies":[{"embeddable":true,"href":"https:\/\/mediarun.com\/pl\/wp-json\/wp\/v2\/comments?post=6162"}],"version-history":[{"count":0,"href":"https:\/\/mediarun.com\/pl\/wp-json\/wp\/v2\/posts\/6162\/revisions"}],"wp:featuredmedia":[{"embeddable":true,"href":"https:\/\/mediarun.com\/pl\/wp-json\/wp\/v2\/media\/6163"}],"wp:attachment":[{"href":"https:\/\/mediarun.com\/pl\/wp-json\/wp\/v2\/media?parent=6162"}],"wp:term":[{"taxonomy":"category","embeddable":true,"href":"https:\/\/mediarun.com\/pl\/wp-json\/wp\/v2\/categories?post=6162"},{"taxonomy":"post_tag","embeddable":true,"href":"https:\/\/mediarun.com\/pl\/wp-json\/wp\/v2\/tags?post=6162"}],"curies":[{"name":"wp","href":"https:\/\/api.w.org\/{rel}","templated":true}]}}