{"id":61382,"date":"2007-06-29T06:00:00","date_gmt":"2007-06-29T04:00:00","guid":{"rendered":"https:\/\/mediarun.com\/index.php\/news-posts\/avanti-w-mniejszym-formacie\/"},"modified":"2007-06-29T06:00:00","modified_gmt":"2007-06-29T04:00:00","slug":"avanti-w-mniejszym-formacie","status":"publish","type":"post","link":"https:\/\/mediarun.com\/pl\/media\/prasa\/avanti-w-mniejszym-formacie.html","title":{"rendered":"Avanti w mniejszym formacie"},"content":{"rendered":"<p><P>Cena mniejszego wydania to 3,50 z\u0142, a miesi\u0119cznik w tradycyjnym formacie b\u0119dzie kosztowa\u0107 4,50 z\u0142.<\/P><br \/>\n<P>&#8211;&nbsp;Zawsze na wakacje Avanti przygotowuje mniejszy format, kt\u00f3ry \u0142atwiej zabra\u0107 na wakacje i spakowa\u0107 do torebki&nbsp;&#8211; t\u0142umaczy nam Agata Szybieniecka z biura prasowego Agory, wydaj\u0105cej miesi\u0119cznik.<\/P><br \/>\n<P>Avanti nie b\u0119dzie si\u0119 ukazywa\u0107 w mniejszym formacie poza okresem wakacyjnym.&nbsp;&#8211; Na razie nie ma takich plan\u00f3w &#8211; wyja\u015bnia Szybieniecka. <\/P><br \/>\n<P>Lipcowy numer Avanti, dost\u0119pny na rynku od pi\u0105tku, b\u0119dzie reklamowany w telewizji (m.in. TVP1, TVP2, Polsat i TVN), radiu (RMF FM i Radio Eska), w Gazecie Wyborczej i w jej dodatkach, w czasopismach Agory oraz na no\u015bnikach reklamy zewn\u0119trznej AMS. <\/P><br \/>\n<P>Kreacj\u0119 kampanii przygotowa\u0142 dzia\u0142 marketingu czasopism Agory. Produkcj\u0105 spotu telewizyjnego zaj\u0119\u0142o si\u0119 studio Badi Badi. Za zakup i planowanie medi\u00f3w odpowiedzialny jest dom mediowy Starlink.<\/P><\/p>\n","protected":false},"excerpt":{"rendered":"Wakacyjne wydania miesi\u0119cznika Avanti b\u0119d\u0105 ukazywa\u0142y si\u0119 dodatkowo w mniejszym, kompleksowym formacie o wymiarach 132 x 167 mm.","protected":false},"author":1,"featured_media":61383,"comment_status":"open","ping_status":"closed","sticky":false,"template":"","format":"standard","meta":{"csco_display_header_overlay":false,"csco_singular_sidebar":"","csco_page_header_type":"","csco_page_load_nextpost":"","csco_post_video_location":[],"csco_post_video_location_hash":"","csco_post_video_url":"","csco_post_video_bg_start_time":0,"csco_post_video_bg_end_time":0,"footnotes":""},"categories":[9673],"tags":[1269,97,973,298,558,610],"class_list":{"0":"post-61382","1":"post","2":"type-post","3":"status-publish","4":"format-standard","5":"has-post-thumbnail","7":"category-prasa","8":"tag-avanti","9":"tag-polsat","10":"tag-radio-eska","11":"tag-rmf-fm","12":"tag-tvp1","13":"tag-tvp2","14":"cs-entry","15":"cs-video-wrap"},"_links":{"self":[{"href":"https:\/\/mediarun.com\/pl\/wp-json\/wp\/v2\/posts\/61382","targetHints":{"allow":["GET"]}}],"collection":[{"href":"https:\/\/mediarun.com\/pl\/wp-json\/wp\/v2\/posts"}],"about":[{"href":"https:\/\/mediarun.com\/pl\/wp-json\/wp\/v2\/types\/post"}],"author":[{"embeddable":true,"href":"https:\/\/mediarun.com\/pl\/wp-json\/wp\/v2\/users\/1"}],"replies":[{"embeddable":true,"href":"https:\/\/mediarun.com\/pl\/wp-json\/wp\/v2\/comments?post=61382"}],"version-history":[{"count":0,"href":"https:\/\/mediarun.com\/pl\/wp-json\/wp\/v2\/posts\/61382\/revisions"}],"wp:featuredmedia":[{"embeddable":true,"href":"https:\/\/mediarun.com\/pl\/wp-json\/wp\/v2\/media\/61383"}],"wp:attachment":[{"href":"https:\/\/mediarun.com\/pl\/wp-json\/wp\/v2\/media?parent=61382"}],"wp:term":[{"taxonomy":"category","embeddable":true,"href":"https:\/\/mediarun.com\/pl\/wp-json\/wp\/v2\/categories?post=61382"},{"taxonomy":"post_tag","embeddable":true,"href":"https:\/\/mediarun.com\/pl\/wp-json\/wp\/v2\/tags?post=61382"}],"curies":[{"name":"wp","href":"https:\/\/api.w.org\/{rel}","templated":true}]}}