{"id":61350,"date":"2007-07-01T17:56:13","date_gmt":"2007-07-01T15:56:13","guid":{"rendered":"https:\/\/mediarun.com\/index.php\/news-posts\/wiadomosci-wyszynska-poprowadzi-glowne-wydanie-2\/"},"modified":"2007-07-01T17:56:13","modified_gmt":"2007-07-01T15:56:13","slug":"wiadomosci-wyszynska-poprowadzi-glowne-wydanie-2","status":"publish","type":"post","link":"https:\/\/mediarun.com\/pl\/media\/tv\/wiadomosci-wyszynska-poprowadzi-glowne-wydanie-2.html","title":{"rendered":"&#8222;Wiadomo\u015bci&#8221;: Wyszy\u0144ska poprowadzi g\u0142\u00f3wne wydanie"},"content":{"rendered":"<p>Ma\u0142gorzata Wyszy\u0144ska od 1997 r. zwi\u0105zana jest z Telewizj\u0105 Polsk\u0105. Zaczyna\u0142a jako reporterka i prezenterka w pozna\u0144skim oddziale TVP3. W latach 1999 &#8211; 2006 by\u0142a gospodarzem &#8222;Teleexpressu&#8221; i wsp\u00f3\u0142pracowa\u0142a z redakcj\u0105 &#8222;Wiadomo\u015bci&#8221;. Prowadzi\u0142a r\u00f3wnie\u017c programy w TV Polonia oraz &#8211; w TVP1 &#8211; audycje publicystyczne po\u015bwi\u0119cone wej\u015bciu Polski w struktury Unii Europejskiej. W latach 2004 &#8211; 2006 by\u0142a wydawc\u0105 i gospodyni\u0105 porannego magazynu Jedynki &#8222;Kawa czy herbata&#8221;. <\/p>\n","protected":false},"excerpt":{"rendered":"Ma\u0142gorzata Wyszy\u0144ska do\u0142\u0105czy do grona prowadz\u0105cych g\u0142\u00f3wne wydania &#8222;Wiadomo\u015bci&#8221; telewizyjnej Jedynki. Dziennikarka b\u0119dzie gospodarzem programu w weekendy od najbli\u017cszej soboty. Dotychczas Wyszy\u0144ska prowadzi\u0142a poranne i popo\u0142udniowe wydania &#8222;Wiadomo\u015bci&#8221;.","protected":false},"author":1,"featured_media":61351,"comment_status":"open","ping_status":"closed","sticky":false,"template":"","format":"standard","meta":{"csco_display_header_overlay":false,"csco_singular_sidebar":"","csco_page_header_type":"","csco_page_load_nextpost":"","csco_post_video_location":[],"csco_post_video_location_hash":"","csco_post_video_url":"","csco_post_video_bg_start_time":0,"csco_post_video_bg_end_time":0,"footnotes":""},"categories":[9670],"tags":[],"class_list":{"0":"post-61350","1":"post","2":"type-post","3":"status-publish","4":"format-standard","5":"has-post-thumbnail","7":"category-tv","8":"cs-entry","9":"cs-video-wrap"},"_links":{"self":[{"href":"https:\/\/mediarun.com\/pl\/wp-json\/wp\/v2\/posts\/61350","targetHints":{"allow":["GET"]}}],"collection":[{"href":"https:\/\/mediarun.com\/pl\/wp-json\/wp\/v2\/posts"}],"about":[{"href":"https:\/\/mediarun.com\/pl\/wp-json\/wp\/v2\/types\/post"}],"author":[{"embeddable":true,"href":"https:\/\/mediarun.com\/pl\/wp-json\/wp\/v2\/users\/1"}],"replies":[{"embeddable":true,"href":"https:\/\/mediarun.com\/pl\/wp-json\/wp\/v2\/comments?post=61350"}],"version-history":[{"count":0,"href":"https:\/\/mediarun.com\/pl\/wp-json\/wp\/v2\/posts\/61350\/revisions"}],"wp:featuredmedia":[{"embeddable":true,"href":"https:\/\/mediarun.com\/pl\/wp-json\/wp\/v2\/media\/61351"}],"wp:attachment":[{"href":"https:\/\/mediarun.com\/pl\/wp-json\/wp\/v2\/media?parent=61350"}],"wp:term":[{"taxonomy":"category","embeddable":true,"href":"https:\/\/mediarun.com\/pl\/wp-json\/wp\/v2\/categories?post=61350"},{"taxonomy":"post_tag","embeddable":true,"href":"https:\/\/mediarun.com\/pl\/wp-json\/wp\/v2\/tags?post=61350"}],"curies":[{"name":"wp","href":"https:\/\/api.w.org\/{rel}","templated":true}]}}