{"id":61257,"date":"2007-07-03T06:00:00","date_gmt":"2007-07-03T04:00:00","guid":{"rendered":"https:\/\/mediarun.com\/index.php\/news-posts\/nowe-macbooki-sa-juz-w-polsce\/"},"modified":"2007-07-03T06:00:00","modified_gmt":"2007-07-03T04:00:00","slug":"nowe-macbooki-sa-juz-w-polsce","status":"publish","type":"post","link":"https:\/\/mediarun.com\/pl\/marketing\/pr\/nowe-macbooki-sa-juz-w-polsce.html","title":{"rendered":"Nowe MacBooki s\u0105 ju\u017c w Polsce"},"content":{"rendered":"<p><P>Dotychczasowa linia trzech modeli MacBook (13,3&#8243; ekran, poprzednio procesory od 1,83 do 2 GHz Intel Core 2 Duo, dwa pierwsze modele bia\u0142e, model najwy\u017cszy &#8211; czarny) zyska\u0142a znacz\u0105co na parametrach. Nowe modele MacBook\u00f3w maj\u0105 szybsze procesory (do 2,16 GHz Intel Core 2 Duo), wi\u0119ksze twarde dyski (w standardzie do 160 GB, jako opcja 200 GB), wi\u0119cej RAM (1 GB w standardzie, do 2 GB maks.), wi\u0119ksz\u0105 pami\u0119\u0107 podr\u0119czn\u0105 drugiego poziomu (L2) &#8211; 2 MB zamiast 4 MB. Bateria litowo-polimerowa w nowych MacBookach wystarcza na 6 godzin pracy. Ceny nowych MacBook\u00f3w zaczynaj\u0105 si\u0119 od 3600 z\u0142 + VAT.<\/P><br \/>\n<P>Nowa linia MacBook\u00f3w Pro to tak\u017ce trzy modele: dwa z ekranem 15,4&#8243; (z matryc\u0105 antyrefleksyjn\u0105 lub z pokryciem b\u0142yszcz\u0105cym typu &#8222;glossy&#8221;) oraz jeden z ekranem 17&#8243; (tak\u017ce do wyboru antyrefleks lub &#8222;glossy&#8221;). W standardzie ten ostatni model ma ekran rozdzielczo\u015bci 1680&#215;1050, ale dost\u0119pne s\u0105 tak\u017ce modele z ekranem High Definition (rozdzielczo\u015b\u0107 1920&#215;1200, o 30% wi\u0119cej pikseli), r\u00f3wnie\u017c z wyko\u0144czeniem do wyboru (b\u0142yszcz\u0105ce lub matowe).<\/P><br \/>\n<P>Najnowsza linia MacBook\u00f3w Pro ma w standardzie procesory Intel Core 2 Duo taktowane zegarem od 2,2 do 2,4 GHz. Przyspieszeniu uleg\u0142a te\u017c szyna FSB z 667 na 800 MHz. Standardowo MacBooki Pro obs\u0142uguj\u0105 maksymalnie do 4 GB RAM (dotychczas do 3 GB), a w standardzie maj\u0105 tej pami\u0119ci &#8222;na pok\u0142adzie&#8221; ju\u017c 2 GB (dotychczas 1 GB). Nowe modele maj\u0105 te\u017c znacznie bardziej zaawansowan\u0105 kart\u0119 graficzn\u0105 &#8211; NVIDIA GeForce 8600M GT posiadaj\u0105c\u0105, w zale\u017cno\u015bci od modelu, od 128 (model podstawowy) do 256 (model \u015brodkowy i najwy\u017cszy) megabajt\u00f3w RAM.<\/P><br \/>\n<P>Now\u0105 cech\u0105 wsp\u00f3ln\u0105 MacBook\u00f3w Pro jest zmiana pod\u015bwietlenia ekran\u00f3w ze \u015bwietl\u00f3wek na diody LED &#8211; osi\u0105gni\u0119to dzi\u0119ki temu trzy pozytywne efekty jednocze\u015bnie. Po pierwsze, ekrany \u015bwiec\u0105 teraz natychmiast po uruchomieniu lub przebudzeniu komputera identycznie jednolitym \u015bwiat\u0142em, nie ma efektu powolnego &#8222;nasycania si\u0119&#8221; ekranu. Po drugie &#8211; ca\u0142kowicie wyeliminowano rt\u0119\u0107 z procesu produkcyjnego MacBook\u00f3w Pro, co jest wyj\u015bciem naprzeciw postulatom ochrony \u015brodowiska. Po trzecie, diody LED zu\u017cywaj\u0105 znacznie mniej energii ni\u017c \u015bwietl\u00f3wki, dzi\u0119ki czemu nowe MacBooki, i tak b\u0119d\u0105ce liderami pod tym wzgl\u0119dem na rynku, zyska\u0142y dodatkowe p\u00f3\u0142 godziny pracy na jednym na\u0142adowaniu baterii (obecnie do 6 godzin). Ceny MacBook\u00f3w Pro zaczynaj\u0105 si\u0119 od ok. 6500 z\u0142 + VAT.<\/P><\/p>\n","protected":false},"excerpt":{"rendered":"Od\u015bwie\u017cona linia komputer\u00f3w przeno\u015bnych Apple trafia na polski rynek.","protected":false},"author":1,"featured_media":61258,"comment_status":"open","ping_status":"closed","sticky":false,"template":"","format":"standard","meta":{"csco_display_header_overlay":false,"csco_singular_sidebar":"","csco_page_header_type":"","csco_page_load_nextpost":"","csco_post_video_location":[],"csco_post_video_location_hash":"","csco_post_video_url":"","csco_post_video_bg_start_time":0,"csco_post_video_bg_end_time":0,"footnotes":""},"categories":[9648],"tags":[196],"class_list":{"0":"post-61257","1":"post","2":"type-post","3":"status-publish","4":"format-standard","5":"has-post-thumbnail","7":"category-pr","8":"tag-apple","9":"cs-entry","10":"cs-video-wrap"},"_links":{"self":[{"href":"https:\/\/mediarun.com\/pl\/wp-json\/wp\/v2\/posts\/61257","targetHints":{"allow":["GET"]}}],"collection":[{"href":"https:\/\/mediarun.com\/pl\/wp-json\/wp\/v2\/posts"}],"about":[{"href":"https:\/\/mediarun.com\/pl\/wp-json\/wp\/v2\/types\/post"}],"author":[{"embeddable":true,"href":"https:\/\/mediarun.com\/pl\/wp-json\/wp\/v2\/users\/1"}],"replies":[{"embeddable":true,"href":"https:\/\/mediarun.com\/pl\/wp-json\/wp\/v2\/comments?post=61257"}],"version-history":[{"count":0,"href":"https:\/\/mediarun.com\/pl\/wp-json\/wp\/v2\/posts\/61257\/revisions"}],"wp:featuredmedia":[{"embeddable":true,"href":"https:\/\/mediarun.com\/pl\/wp-json\/wp\/v2\/media\/61258"}],"wp:attachment":[{"href":"https:\/\/mediarun.com\/pl\/wp-json\/wp\/v2\/media?parent=61257"}],"wp:term":[{"taxonomy":"category","embeddable":true,"href":"https:\/\/mediarun.com\/pl\/wp-json\/wp\/v2\/categories?post=61257"},{"taxonomy":"post_tag","embeddable":true,"href":"https:\/\/mediarun.com\/pl\/wp-json\/wp\/v2\/tags?post=61257"}],"curies":[{"name":"wp","href":"https:\/\/api.w.org\/{rel}","templated":true}]}}