{"id":61255,"date":"2007-07-03T06:00:00","date_gmt":"2007-07-03T04:00:00","guid":{"rendered":"https:\/\/mediarun.com\/index.php\/news-posts\/sport-klub-wkrotce-w-vectrze\/"},"modified":"2007-07-03T06:00:00","modified_gmt":"2007-07-03T04:00:00","slug":"sport-klub-wkrotce-w-vectrze","status":"publish","type":"post","link":"https:\/\/mediarun.com\/pl\/media\/tv\/sport-klub-wkrotce-w-vectrze.html","title":{"rendered":"Sport Klub+ wkr\u00f3tce w Vectrze"},"content":{"rendered":"<p><P>Krzysztof Burmer, dyrektor departamentu sprzeda\u017cy i obs\u0142ugi klienta w Vectrze, t\u0142umaczy nam, \u017ce operator planuje udost\u0119pni\u0107 kana\u0142 Sport Klub+ w ramach pakietu sportowego. <\/P><br \/>\n<P>&#8211;&nbsp;W tej chwili pracujemy nad tym pakietem i nie jeste\u015bmy w stanie poda\u0107 konkretnej daty jego uruchomienia&nbsp;&#8211; m\u00f3wi nam Burmer.&nbsp;&#8211; Jako kolejny pakiet tematyczny b\u0119dzie on dost\u0119pny dla wszystkich abonent\u00f3w Vectry, kt\u00f3rzy s\u0105 obecnie lub znajd\u0105 si\u0119 w przysz\u0142o\u015bci w zasi\u0119gu naszej oferty telewizji cyfrowej&nbsp;&#8211; dodaje.<\/P><br \/>\n<P>Sport Klub+ jest uzupe\u0142nieniem oferty programowej Sport Klubu, kt\u00f3ry w ubieg\u0142ym tygodniu pojawi\u0142 si\u0119 w ofercie Vectry.<\/P><\/p>\n","protected":false},"excerpt":{"rendered":"Operator kablowy Vectra poszerzy swoj\u0105 ofert\u0119 programow\u0105 o kana\u0142 Sport Klub+.","protected":false},"author":1,"featured_media":61256,"comment_status":"open","ping_status":"closed","sticky":false,"template":"","format":"standard","meta":{"csco_display_header_overlay":false,"csco_singular_sidebar":"","csco_page_header_type":"","csco_page_load_nextpost":"","csco_post_video_location":[],"csco_post_video_location_hash":"","csco_post_video_url":"","csco_post_video_bg_start_time":0,"csco_post_video_bg_end_time":0,"footnotes":""},"categories":[9670],"tags":[688],"class_list":{"0":"post-61255","1":"post","2":"type-post","3":"status-publish","4":"format-standard","5":"has-post-thumbnail","7":"category-tv","8":"tag-vectra","9":"cs-entry","10":"cs-video-wrap"},"_links":{"self":[{"href":"https:\/\/mediarun.com\/pl\/wp-json\/wp\/v2\/posts\/61255","targetHints":{"allow":["GET"]}}],"collection":[{"href":"https:\/\/mediarun.com\/pl\/wp-json\/wp\/v2\/posts"}],"about":[{"href":"https:\/\/mediarun.com\/pl\/wp-json\/wp\/v2\/types\/post"}],"author":[{"embeddable":true,"href":"https:\/\/mediarun.com\/pl\/wp-json\/wp\/v2\/users\/1"}],"replies":[{"embeddable":true,"href":"https:\/\/mediarun.com\/pl\/wp-json\/wp\/v2\/comments?post=61255"}],"version-history":[{"count":0,"href":"https:\/\/mediarun.com\/pl\/wp-json\/wp\/v2\/posts\/61255\/revisions"}],"wp:featuredmedia":[{"embeddable":true,"href":"https:\/\/mediarun.com\/pl\/wp-json\/wp\/v2\/media\/61256"}],"wp:attachment":[{"href":"https:\/\/mediarun.com\/pl\/wp-json\/wp\/v2\/media?parent=61255"}],"wp:term":[{"taxonomy":"category","embeddable":true,"href":"https:\/\/mediarun.com\/pl\/wp-json\/wp\/v2\/categories?post=61255"},{"taxonomy":"post_tag","embeddable":true,"href":"https:\/\/mediarun.com\/pl\/wp-json\/wp\/v2\/tags?post=61255"}],"curies":[{"name":"wp","href":"https:\/\/api.w.org\/{rel}","templated":true}]}}