{"id":61202,"date":"2007-07-04T06:00:00","date_gmt":"2007-07-04T04:00:00","guid":{"rendered":"https:\/\/mediarun.com\/index.php\/news-posts\/tvn-soltysik-nie-jest-juz-rzecznikiem\/"},"modified":"2007-07-04T06:00:00","modified_gmt":"2007-07-04T04:00:00","slug":"tvn-soltysik-nie-jest-juz-rzecznikiem","status":"publish","type":"post","link":"https:\/\/mediarun.com\/pl\/media\/tv\/tvn-soltysik-nie-jest-juz-rzecznikiem.html","title":{"rendered":"TVN: So\u0142tysik nie jest ju\u017c rzecznikiem"},"content":{"rendered":"<p><P>kt\u00f3ry nadal pracowa\u0107 b\u0119dzie w dziale programowym stacji i prowadzi\u0142 program &#8222;Multikino&#8221;. Pe\u0142ni\u0142 on funkcj\u0119 rzecznika Grupy TVN od 2002 r.<\/P><br \/>\n<P>Smol\u0105g prac\u0119 w TVN rozpocz\u0105\u0142 na pocz\u0105tku kwietnia jako dyrektor dzia\u0142u korporacyjnego, gdzie odpowiada za komunikacj\u0119 zewn\u0119trzn\u0105 i wewn\u0119trzn\u0105, public affairs oraz CSR TVN. <\/P><br \/>\n<P>&#8211;&nbsp;Utworzenie dzia\u0142u korporacyjnego jest przejawem wielkiej wagi, jak\u0105 zarz\u0105d grupy TVN przywi\u0105zuje do kwestii przejrzysto\u015bci i komunikacji oraz konsekwencj\u0105 rosn\u0105cych potrzeb komunikacyjnych sp\u00f3\u0142ki&nbsp;&#8211; t\u0142umaczy nam Smol\u0105g.<\/P><br \/>\n<P>Wcze\u015bniej, w latach 2001&nbsp;&#8211; 2007, Karol Smol\u0105g pracowa\u0142 w departamencie komunikacji spo\u0142ecznej Narodowego Banku Polskiego. By\u0142 m.in. rzecznikiem prasowym NBP.<\/P><\/p>\n","protected":false},"excerpt":{"rendered":"Karol Smol\u0105g zosta\u0142 z pocz\u0105tkiem lipca nowym rzecznikiem prasowym TVN &#8211; poinformowa\u0142a stacja w komunikacie. Zast\u0105pi Andrzeja So\u0142tysika&#8230;","protected":false},"author":1,"featured_media":61203,"comment_status":"open","ping_status":"closed","sticky":false,"template":"","format":"standard","meta":{"csco_display_header_overlay":false,"csco_singular_sidebar":"","csco_page_header_type":"","csco_page_load_nextpost":"","csco_post_video_location":[],"csco_post_video_location_hash":"","csco_post_video_url":"","csco_post_video_bg_start_time":0,"csco_post_video_bg_end_time":0,"footnotes":""},"categories":[9670],"tags":[140],"class_list":{"0":"post-61202","1":"post","2":"type-post","3":"status-publish","4":"format-standard","5":"has-post-thumbnail","7":"category-tv","8":"tag-multikino","9":"cs-entry","10":"cs-video-wrap"},"_links":{"self":[{"href":"https:\/\/mediarun.com\/pl\/wp-json\/wp\/v2\/posts\/61202","targetHints":{"allow":["GET"]}}],"collection":[{"href":"https:\/\/mediarun.com\/pl\/wp-json\/wp\/v2\/posts"}],"about":[{"href":"https:\/\/mediarun.com\/pl\/wp-json\/wp\/v2\/types\/post"}],"author":[{"embeddable":true,"href":"https:\/\/mediarun.com\/pl\/wp-json\/wp\/v2\/users\/1"}],"replies":[{"embeddable":true,"href":"https:\/\/mediarun.com\/pl\/wp-json\/wp\/v2\/comments?post=61202"}],"version-history":[{"count":0,"href":"https:\/\/mediarun.com\/pl\/wp-json\/wp\/v2\/posts\/61202\/revisions"}],"wp:featuredmedia":[{"embeddable":true,"href":"https:\/\/mediarun.com\/pl\/wp-json\/wp\/v2\/media\/61203"}],"wp:attachment":[{"href":"https:\/\/mediarun.com\/pl\/wp-json\/wp\/v2\/media?parent=61202"}],"wp:term":[{"taxonomy":"category","embeddable":true,"href":"https:\/\/mediarun.com\/pl\/wp-json\/wp\/v2\/categories?post=61202"},{"taxonomy":"post_tag","embeddable":true,"href":"https:\/\/mediarun.com\/pl\/wp-json\/wp\/v2\/tags?post=61202"}],"curies":[{"name":"wp","href":"https:\/\/api.w.org\/{rel}","templated":true}]}}