{"id":61145,"date":"2007-07-05T13:17:48","date_gmt":"2007-07-05T11:17:48","guid":{"rendered":"https:\/\/mediarun.com\/index.php\/news-posts\/142-mln-widzow-teleexpressu-noca\/"},"modified":"2007-07-05T13:17:48","modified_gmt":"2007-07-05T11:17:48","slug":"142-mln-widzow-teleexpressu-noca","status":"publish","type":"post","link":"https:\/\/mediarun.com\/pl\/media\/tv\/142-mln-widzow-teleexpressu-noca.html","title":{"rendered":"1,42 mln widz\u00f3w &#8222;Teleexpressu noc\u0105&#8221;"},"content":{"rendered":"<p>&#8222;Teleexpress noc\u0105&#8221; pojawi\u0142 si\u0119 na antenie TVP1 w poniedzia\u0142ek. Dotychczas stacja wyemitowa\u0142a trzy wydania programu. &#8222;Teleexpress noc\u0105&#8221; ogl\u0105da \u015brednio 1,42 mln widz\u00f3w przy udziale w rynku wynosz\u0105cym 15,96 proc.<\/p>\n<p>Pierwszy odcinek, wyemitowany po p\u00f3\u0142nocy, zgromadzi\u0142 przed telewizorami 0,52 mln widz\u00f3w (12,94 proc. udzia\u0142\u00f3w w rynku), drugi &#8211; 2,18 mln widz\u00f3w (18,56 proc. udzia\u0142\u00f3w w rynku), a trzeci &#8211; 1,61 mln widz\u00f3w (14,71 proc. udzia\u0142\u00f3w w rynku). Zar\u00f3wno we wtorek, jak i \u015brod\u0119 Jedynka nadaa program ju\u017c po godz. 22.<\/p>\n","protected":false},"excerpt":{"rendered":"\u015arednio 1,42 mln widz\u00f3w ogl\u0105da w telewizyjnej Jedynce nowy program publicystyczny &#8222;Teleexpress noc\u0105&#8221;, b\u0119d\u0105cy nocn\u0105 mutacj\u0105 &#8222;Teleexpressu&#8221; &#8211; wynika z danych AGB Nielsen Media Research.","protected":false},"author":1,"featured_media":61146,"comment_status":"open","ping_status":"closed","sticky":false,"template":"","format":"standard","meta":{"csco_display_header_overlay":false,"csco_singular_sidebar":"","csco_page_header_type":"","csco_page_load_nextpost":"","csco_post_video_location":[],"csco_post_video_location_hash":"","csco_post_video_url":"","csco_post_video_bg_start_time":0,"csco_post_video_bg_end_time":0,"footnotes":""},"categories":[9670],"tags":[],"class_list":{"0":"post-61145","1":"post","2":"type-post","3":"status-publish","4":"format-standard","5":"has-post-thumbnail","7":"category-tv","8":"cs-entry","9":"cs-video-wrap"},"_links":{"self":[{"href":"https:\/\/mediarun.com\/pl\/wp-json\/wp\/v2\/posts\/61145","targetHints":{"allow":["GET"]}}],"collection":[{"href":"https:\/\/mediarun.com\/pl\/wp-json\/wp\/v2\/posts"}],"about":[{"href":"https:\/\/mediarun.com\/pl\/wp-json\/wp\/v2\/types\/post"}],"author":[{"embeddable":true,"href":"https:\/\/mediarun.com\/pl\/wp-json\/wp\/v2\/users\/1"}],"replies":[{"embeddable":true,"href":"https:\/\/mediarun.com\/pl\/wp-json\/wp\/v2\/comments?post=61145"}],"version-history":[{"count":0,"href":"https:\/\/mediarun.com\/pl\/wp-json\/wp\/v2\/posts\/61145\/revisions"}],"wp:featuredmedia":[{"embeddable":true,"href":"https:\/\/mediarun.com\/pl\/wp-json\/wp\/v2\/media\/61146"}],"wp:attachment":[{"href":"https:\/\/mediarun.com\/pl\/wp-json\/wp\/v2\/media?parent=61145"}],"wp:term":[{"taxonomy":"category","embeddable":true,"href":"https:\/\/mediarun.com\/pl\/wp-json\/wp\/v2\/categories?post=61145"},{"taxonomy":"post_tag","embeddable":true,"href":"https:\/\/mediarun.com\/pl\/wp-json\/wp\/v2\/tags?post=61145"}],"curies":[{"name":"wp","href":"https:\/\/api.w.org\/{rel}","templated":true}]}}