{"id":61043,"date":"2007-07-09T16:28:51","date_gmt":"2007-07-09T14:28:51","guid":{"rendered":"https:\/\/mediarun.com\/index.php\/news-posts\/zmiany-personalne-w-gali\/"},"modified":"2007-07-09T16:28:51","modified_gmt":"2007-07-09T14:28:51","slug":"zmiany-personalne-w-gali","status":"publish","type":"post","link":"https:\/\/mediarun.com\/pl\/media\/prasa\/zmiany-personalne-w-gali.html","title":{"rendered":"Zmiany personalne w Gali"},"content":{"rendered":"<p>Maciej Weso\u0142owski, dotychczasowy zast\u0119pca szefa dzia\u0142u krajowego, zosta\u0142 pe\u0142ni\u0105cym obowi\u0105zki szefa tego dzia\u0142u. Do tej pory dzia\u0142em krajowym kierowa\u0142a Anna Bimer, kt\u00f3ra &#8211; w wyniku przeprowadzanej restrukturyzacji w Gali &#8211; zako\u0144czy\u0142a wsp\u00f3\u0142prac\u0119 z pismem.<\/p>\n<p>Olga Majrowska, kt\u00f3ra dotychczas wsp\u00f3\u0142pracowa\u0142a z redakcj\u0105 Gali jako producent sesji, obj\u0119\u0142a nowo utworzone stanowisko szefa dzia\u0142u produkcji.<\/p>\n<p>Monika B\u0142\u0119cka obj\u0119\u0142a r\u00f3wnie\u017c nowe stanowisko kierownika artystycznego dzia\u0142u foto. Wcze\u015bniej B\u0142\u0119cka odpowiedzialna by\u0142a za fotoedycj\u0119 w Elle.<\/p>\n<p>Agnieszka Pogorzelska obejmie natomiast stanowisko szefa dzia\u0142u mody. Dotychczas tym dzia\u0142em kierowa\u0142a Agnieszka Maciejak, kt\u00f3ra &#8211; podobnie jak Bimer &#8211; odesz\u0142a z Gali.<\/p>\n","protected":false},"excerpt":{"rendered":"Maciej Weso\u0142owski i Olga Majrowska awansowali w tygodniu Gala. Do pisma do\u0142\u0105czy\u0142y r\u00f3wnie\u017c dwie nowe osoby &#8211; Monika B\u0142\u0119cka i Agnieszka Pogorzelska.","protected":false},"author":1,"featured_media":0,"comment_status":"open","ping_status":"closed","sticky":false,"template":"","format":"standard","meta":{"csco_display_header_overlay":false,"csco_singular_sidebar":"","csco_page_header_type":"","csco_page_load_nextpost":"","csco_post_video_location":[],"csco_post_video_location_hash":"","csco_post_video_url":"","csco_post_video_bg_start_time":0,"csco_post_video_bg_end_time":0,"footnotes":""},"categories":[9673],"tags":[],"class_list":{"0":"post-61043","1":"post","2":"type-post","3":"status-publish","4":"format-standard","6":"category-prasa","7":"cs-entry","8":"cs-video-wrap"},"_links":{"self":[{"href":"https:\/\/mediarun.com\/pl\/wp-json\/wp\/v2\/posts\/61043","targetHints":{"allow":["GET"]}}],"collection":[{"href":"https:\/\/mediarun.com\/pl\/wp-json\/wp\/v2\/posts"}],"about":[{"href":"https:\/\/mediarun.com\/pl\/wp-json\/wp\/v2\/types\/post"}],"author":[{"embeddable":true,"href":"https:\/\/mediarun.com\/pl\/wp-json\/wp\/v2\/users\/1"}],"replies":[{"embeddable":true,"href":"https:\/\/mediarun.com\/pl\/wp-json\/wp\/v2\/comments?post=61043"}],"version-history":[{"count":0,"href":"https:\/\/mediarun.com\/pl\/wp-json\/wp\/v2\/posts\/61043\/revisions"}],"wp:attachment":[{"href":"https:\/\/mediarun.com\/pl\/wp-json\/wp\/v2\/media?parent=61043"}],"wp:term":[{"taxonomy":"category","embeddable":true,"href":"https:\/\/mediarun.com\/pl\/wp-json\/wp\/v2\/categories?post=61043"},{"taxonomy":"post_tag","embeddable":true,"href":"https:\/\/mediarun.com\/pl\/wp-json\/wp\/v2\/tags?post=61043"}],"curies":[{"name":"wp","href":"https:\/\/api.w.org\/{rel}","templated":true}]}}