{"id":61029,"date":"2007-07-10T06:00:00","date_gmt":"2007-07-10T04:00:00","guid":{"rendered":"https:\/\/mediarun.com\/index.php\/news-posts\/dziennik-pomaga-szukac-pracy\/"},"modified":"2007-07-10T06:00:00","modified_gmt":"2007-07-10T04:00:00","slug":"dziennik-pomaga-szukac-pracy","status":"publish","type":"post","link":"https:\/\/mediarun.com\/pl\/media\/prasa\/dziennik-pomaga-szukac-pracy.html","title":{"rendered":"Dziennik pomaga szuka\u0107 pracy"},"content":{"rendered":"<p><P>w dzienniku i dodatku Praca, Rozw\u00f3j, Kariera b\u0119d\u0105 ukazywa\u0142y si\u0119 materia\u0142y pomagaj\u0105ce znale\u017a\u0107 zatrudnienie i promuj\u0105ce mobilno\u015b\u0107.<\/P><br \/>\n<P>Akcja ma u\u0142atwi\u0107 znalezienie atrakcyjnej pracy oraz zach\u0119ci\u0107 do aktywnego jej poszukiwania, tak\u017ce poza sta\u0142ym miejscem zamieszkania&nbsp;&#8211; informuje Dziennik.<\/P><br \/>\n<P>Czytelnicy znajd\u0105 na \u0142amach poniedzia\u0142kowego dodatku Praca, Rozw\u00f3j, Kariera szczeg\u00f3\u0142owe raporty dotycz\u0105ce miejsc pracy w poszczeg\u00f3lnych wojew\u00f3dztwach oraz zarobk\u00f3w w wybranych zawodach i bran\u017cach. <\/P><br \/>\n<P>Akcji towarzyszy kampania reklamowa w radiu, telewizji oraz w tytu\u0142ach prasowych Axel Springer Polska.<\/P><\/p>\n","protected":false},"excerpt":{"rendered":"Dziennik rozpocz\u0105\u0142 now\u0105 akcj\u0119 &quot;Tu jest praca&quot;. W ramach projektu w ka\u017cdy poniedzia\u0142ek&#8230;","protected":false},"author":1,"featured_media":61030,"comment_status":"open","ping_status":"closed","sticky":false,"template":"","format":"standard","meta":{"csco_display_header_overlay":false,"csco_singular_sidebar":"","csco_page_header_type":"","csco_page_load_nextpost":"","csco_post_video_location":[],"csco_post_video_location_hash":"","csco_post_video_url":"","csco_post_video_bg_start_time":0,"csco_post_video_bg_end_time":0,"footnotes":""},"categories":[9673],"tags":[126],"class_list":{"0":"post-61029","1":"post","2":"type-post","3":"status-publish","4":"format-standard","5":"has-post-thumbnail","7":"category-prasa","8":"tag-ringier-axel-springer","9":"cs-entry","10":"cs-video-wrap"},"_links":{"self":[{"href":"https:\/\/mediarun.com\/pl\/wp-json\/wp\/v2\/posts\/61029","targetHints":{"allow":["GET"]}}],"collection":[{"href":"https:\/\/mediarun.com\/pl\/wp-json\/wp\/v2\/posts"}],"about":[{"href":"https:\/\/mediarun.com\/pl\/wp-json\/wp\/v2\/types\/post"}],"author":[{"embeddable":true,"href":"https:\/\/mediarun.com\/pl\/wp-json\/wp\/v2\/users\/1"}],"replies":[{"embeddable":true,"href":"https:\/\/mediarun.com\/pl\/wp-json\/wp\/v2\/comments?post=61029"}],"version-history":[{"count":0,"href":"https:\/\/mediarun.com\/pl\/wp-json\/wp\/v2\/posts\/61029\/revisions"}],"wp:featuredmedia":[{"embeddable":true,"href":"https:\/\/mediarun.com\/pl\/wp-json\/wp\/v2\/media\/61030"}],"wp:attachment":[{"href":"https:\/\/mediarun.com\/pl\/wp-json\/wp\/v2\/media?parent=61029"}],"wp:term":[{"taxonomy":"category","embeddable":true,"href":"https:\/\/mediarun.com\/pl\/wp-json\/wp\/v2\/categories?post=61029"},{"taxonomy":"post_tag","embeddable":true,"href":"https:\/\/mediarun.com\/pl\/wp-json\/wp\/v2\/tags?post=61029"}],"curies":[{"name":"wp","href":"https:\/\/api.w.org\/{rel}","templated":true}]}}