{"id":60935,"date":"2007-07-12T04:03:11","date_gmt":"2007-07-12T02:03:11","guid":{"rendered":"https:\/\/mediarun.com\/index.php\/news-posts\/tvp-film-ruszy-jeszcze-jesienia-2\/"},"modified":"2007-07-12T04:03:11","modified_gmt":"2007-07-12T02:03:11","slug":"tvp-film-ruszy-jeszcze-jesienia-2","status":"publish","type":"post","link":"https:\/\/mediarun.com\/pl\/media\/tv\/tvp-film-ruszy-jeszcze-jesienia-2.html","title":{"rendered":"TVP Film ruszy jeszcze jesieni\u0105?"},"content":{"rendered":"<p>Jak informuje KRRiT, zgodnie z deklaracj\u0105 TVP &#8222;audycje i inne przekazy realizuj\u0105ce wyspecjalizowany &#8211; filmowy charakter programu b\u0119d\u0105 zajmowa\u0142y nie mniej ni\u017c 92 proc. miesi\u0119cznego czasu nadawania programu w godzinach 6.00 &#8211; 23.00&#8221;.<\/p>\n<p>Kiedy ruszy nowy kana\u0142 TVP Film? &#8211; Zarz\u0105d w najbli\u017cszym czasie podejmie decyzj\u0119 w sprawie strategii dotycz\u0105cej kana\u0142\u00f3w tematycznych. Wtedy te\u017c zostanie okre\u015blona dok\u0142adna data startu kana\u0142u TVP Film &#8211; t\u0142umaczy nam Katarzyna Twardowska z biura prasowego Telewizji Polskiej.<\/p>\n<p>Wed\u0142ug zapowiedzi TVP z marca br., kana\u0142 TVP Film &#8211; podobnie jak TVP Rozrywka &#8211; mia\u0142 wystartowa\u0107 jesieni\u0105 br. Wcze\u015bniej start stacji planowano ju\u017c na kwiecie\u0144 br. <\/p>\n<p>W ofercie programowej TVP Film b\u0119d\u0105 prezentowane zar\u00f3wno filmy polskie, jak i zagraniczne.<\/p>\n","protected":false},"excerpt":{"rendered":"Krajowa Rada Radiofonii i Telewizji na ostatnim posiedzeniu przyj\u0119\u0142a szczeg\u00f3\u0142owe zapisy koncesyjne dotycz\u0105ce kana\u0142u tematycznego TVP &#8211; TVP Film. Przedstawiciele publicznej telewizji nie ujawniaj\u0105 na razie, kiedy nowa stacja rozpocznie nadawania. Jeszcze niedawno, jako termin startu TVP Film wymieniano jesie\u0144 br.","protected":false},"author":1,"featured_media":60936,"comment_status":"open","ping_status":"closed","sticky":false,"template":"","format":"standard","meta":{"csco_display_header_overlay":false,"csco_singular_sidebar":"","csco_page_header_type":"","csco_page_load_nextpost":"","csco_post_video_location":[],"csco_post_video_location_hash":"","csco_post_video_url":"","csco_post_video_bg_start_time":0,"csco_post_video_bg_end_time":0,"footnotes":""},"categories":[9670],"tags":[],"class_list":{"0":"post-60935","1":"post","2":"type-post","3":"status-publish","4":"format-standard","5":"has-post-thumbnail","7":"category-tv","8":"cs-entry","9":"cs-video-wrap"},"_links":{"self":[{"href":"https:\/\/mediarun.com\/pl\/wp-json\/wp\/v2\/posts\/60935","targetHints":{"allow":["GET"]}}],"collection":[{"href":"https:\/\/mediarun.com\/pl\/wp-json\/wp\/v2\/posts"}],"about":[{"href":"https:\/\/mediarun.com\/pl\/wp-json\/wp\/v2\/types\/post"}],"author":[{"embeddable":true,"href":"https:\/\/mediarun.com\/pl\/wp-json\/wp\/v2\/users\/1"}],"replies":[{"embeddable":true,"href":"https:\/\/mediarun.com\/pl\/wp-json\/wp\/v2\/comments?post=60935"}],"version-history":[{"count":0,"href":"https:\/\/mediarun.com\/pl\/wp-json\/wp\/v2\/posts\/60935\/revisions"}],"wp:featuredmedia":[{"embeddable":true,"href":"https:\/\/mediarun.com\/pl\/wp-json\/wp\/v2\/media\/60936"}],"wp:attachment":[{"href":"https:\/\/mediarun.com\/pl\/wp-json\/wp\/v2\/media?parent=60935"}],"wp:term":[{"taxonomy":"category","embeddable":true,"href":"https:\/\/mediarun.com\/pl\/wp-json\/wp\/v2\/categories?post=60935"},{"taxonomy":"post_tag","embeddable":true,"href":"https:\/\/mediarun.com\/pl\/wp-json\/wp\/v2\/tags?post=60935"}],"curies":[{"name":"wp","href":"https:\/\/api.w.org\/{rel}","templated":true}]}}