{"id":60898,"date":"2007-07-12T06:00:00","date_gmt":"2007-07-12T04:00:00","guid":{"rendered":"https:\/\/mediarun.com\/index.php\/news-posts\/samobojstwo-instytucjonalne\/"},"modified":"2007-07-12T06:00:00","modified_gmt":"2007-07-12T04:00:00","slug":"samobojstwo-instytucjonalne","status":"publish","type":"post","link":"https:\/\/mediarun.com\/pl\/ludzie\/wywiad\/samobojstwo-instytucjonalne.html","title":{"rendered":"Samob\u00f3jstwo instytucjonalne"},"content":{"rendered":"<p><P>wyodr\u0119bnienia kwestii informatyzacji pa\u0144stwa z MSWiA i przekazania ich nowemu ministrowi, kt\u00f3ry zajmie si\u0119 sportem i nadzorem nad przygotowaniem do EURO 2012. (&#8230;) niewykluczone \u017ce (do nowego ministerstwa &#8211; przyp. autora), przeniesiona zostanie tak\u017ce cz\u0119\u015b\u0107 resortu transportu, odpowiedzialnego za telekomunikacj\u0119.<\/P><br \/>\n<P>Niestety, dobre ch\u0119ci nie wystarcz\u0105 do powo\u0142ania ministerstwa. Na podstawie praktyki tworzenia nowych urz\u0119d\u00f3w nale\u017cy s\u0105dzi\u0107, \u017ce sta\u0142by si\u0119 on w pe\u0142ni operacyjny w okresie co najmniej o\u015bmiu miesi\u0119cy &#8211; taki by\u0142 okres osi\u0105gni\u0119cia sprawno\u015bci funkcjonalnej przez Ministerstwo Rozwoju Regionalnego.<\/P><br \/>\n<P>Tworzenie nowego ministerstwa jest tak\u017ce sprzeczne z programem PiS w sprawie informatyzacji kraju. Wed\u0142ug tego programu remedium na dramatyczn\u0105 dezintegracj\u0119 informacyjn\u0105 pa\u0144stwa jest powo\u0142anie mi\u0119dzyresortowego urz\u0119du ds. informatyzacji administracji publicznej. Urz\u0105d ten mia\u0142by g\u0142os decyzyjny, co oznacza, \u017ce \u017cadne ministerstwo nie mog\u0142oby rozpocz\u0105\u0107 projektu informatycznego bez jego akceptacji. Urz\u0105d by\u0142by podporz\u0105dkowany bezpo\u015brednio premierowi. Rz\u0105d przyst\u0105pi\u0142 do realizacji tej reformy. W pierwszej fazie nast\u0105pi\u0142o powo\u0142anie Komitetu Sta\u0142ego Rady Ministr\u00f3w ds. Informatyzacji i \u0141\u0105czno\u015bci, kt\u00f3ry przygotuje plan powo\u0142ania ponadresortowego urz\u0119du ds. informatyzacji i \u0142\u0105czno\u015bci.<\/P><br \/>\n<P>Nale\u017cy te\u017c doda\u0107, \u017ce powo\u0142anie nowego ministerstwa uniemo\u017cliwi\u0142oby reform\u0119 administracji publicznej, polegaj\u0105c\u0105 na jej uniezale\u017cnieniu od interes\u00f3w firm prywatnych. Kr\u00f3tko m\u00f3wi\u0105c, powo\u0142anie ministerstwa informatyzacji zgodne jest z interesami firm prywatnych i sprzeczne z interesem pa\u0144stwa polskiego.<\/P><br \/>\n<P>Na koniec zacytuj\u0119 fragment artyku\u0142u, kt\u00f3ry potwierdza m\u00f3j wyw\u00f3d: &#8222;Przeniesienie informatyzacji do nowego resortu powinno przyspieszy\u0107 realizacj\u0119 du\u017cych projekt\u00f3w rz\u0105dowych. W tym roku mia\u0142o ich ruszy\u0107 a\u017c 16, a do tej pory wystartowa\u0142y tylko dwa. Uwag\u0119 na to w li\u015bcie skierowanym do premiera kilka dni zwr\u00f3ci\u0142a Polska Izba Informatyki i Telekomunikacji. Skupieni w niej przedsi\u0119biorcy domagali si\u0119 powo\u0142ania resortu \u0142\u0105czno\u015bci&#8221;. Ot\u00f3\u017c w momencie kiedy przetargi ruszaj\u0105 (np. na sprz\u0119t do PESEL 2, wy\u0142onienie wykonawcy projektu e-pu\u0142ap), w momencie kiedy zaczynamy skutecznie realizowa\u0107 Plan Informatyzacji Pa\u0144stwa, kto\u015b znowu zamierza zabezpieczy\u0107 interesy firm prywatnych. Interesy \u017ale poj\u0119te, poniewa\u017c te firmy w\u0142a\u015bnie teraz b\u0119d\u0105 z tych przetarg\u00f3w korzysta\u0142y, a tworzenie nowego ministerstwa wi\u0105\u017ce si\u0119 z zak\u0142\u00f3ceniami post\u0119powa\u0144 przetargowych i kontrakt\u00f3w.<\/P><br \/>\n<P>Pomys\u0142 utworzenia ministerstwa informatyzacji i sportu jest tak kompromituj\u0105cy intelektualnie, \u017ce zaczynam wierzy\u0107, \u017ce osoba zbli\u017cona do rz\u0105du jest jego najwi\u0119kszym wrogiem.<\/P><\/p>\n","protected":false},"excerpt":{"rendered":"9 lipca w Gazecie Prawnej ukaza\u0142 si\u0119 artyku\u0142 pt. Powstanie ministerstwo informatyzacji i sportu. W artykule &quot;osoba zbli\u017cona do rz\u0105du&quot; stwierdza: Jest plan&#8230;","protected":false},"author":1,"featured_media":0,"comment_status":"open","ping_status":"closed","sticky":false,"template":"","format":"standard","meta":{"csco_display_header_overlay":false,"csco_singular_sidebar":"","csco_page_header_type":"","csco_page_load_nextpost":"","csco_post_video_location":[],"csco_post_video_location_hash":"","csco_post_video_url":"","csco_post_video_bg_start_time":0,"csco_post_video_bg_end_time":0,"footnotes":""},"categories":[45],"tags":[],"class_list":{"0":"post-60898","1":"post","2":"type-post","3":"status-publish","4":"format-standard","6":"category-wywiad","7":"cs-entry","8":"cs-video-wrap"},"_links":{"self":[{"href":"https:\/\/mediarun.com\/pl\/wp-json\/wp\/v2\/posts\/60898","targetHints":{"allow":["GET"]}}],"collection":[{"href":"https:\/\/mediarun.com\/pl\/wp-json\/wp\/v2\/posts"}],"about":[{"href":"https:\/\/mediarun.com\/pl\/wp-json\/wp\/v2\/types\/post"}],"author":[{"embeddable":true,"href":"https:\/\/mediarun.com\/pl\/wp-json\/wp\/v2\/users\/1"}],"replies":[{"embeddable":true,"href":"https:\/\/mediarun.com\/pl\/wp-json\/wp\/v2\/comments?post=60898"}],"version-history":[{"count":0,"href":"https:\/\/mediarun.com\/pl\/wp-json\/wp\/v2\/posts\/60898\/revisions"}],"wp:attachment":[{"href":"https:\/\/mediarun.com\/pl\/wp-json\/wp\/v2\/media?parent=60898"}],"wp:term":[{"taxonomy":"category","embeddable":true,"href":"https:\/\/mediarun.com\/pl\/wp-json\/wp\/v2\/categories?post=60898"},{"taxonomy":"post_tag","embeddable":true,"href":"https:\/\/mediarun.com\/pl\/wp-json\/wp\/v2\/tags?post=60898"}],"curies":[{"name":"wp","href":"https:\/\/api.w.org\/{rel}","templated":true}]}}