{"id":60892,"date":"2007-07-12T23:05:25","date_gmt":"2007-07-12T21:05:25","guid":{"rendered":"https:\/\/mediarun.com\/index.php\/news-posts\/axn-final-zagubionych-22-lipca\/"},"modified":"2007-07-12T23:05:25","modified_gmt":"2007-07-12T21:05:25","slug":"axn-final-zagubionych-22-lipca","status":"publish","type":"post","link":"https:\/\/mediarun.com\/pl\/media\/tv\/axn-final-zagubionych-22-lipca.html","title":{"rendered":"AXN: fina\u0142 Zagubionych 22 lipca"},"content":{"rendered":"<p>Stacja zaprezentuje specjalny, podw\u00f3jny odcinek.<\/p>\n<p>Na sierpie\u0144 stacja AXN przygotowa\u0142a specjalne maratony z serialem. Wszystkie odcinki drugiej serii zostan\u0105 wyemitowane bez \u017cadnych przerw w weekend 18-19 sierpnia. <\/p>\n<p>Na trzeci\u0105 seri\u0119 AXN zaprasza w kolejny weekend 25-26 sierpnia. Najnowsza, czwarta ju\u017c seria &#8222;Zagubionych&#8221;, pojawi si\u0119 na naszych ekranach tu\u017c po premierze w USA, kt\u00f3ra zosta\u0142a przesuni\u0119ta z jesieni 2007 na pocz\u0105tek 2008 roku. <\/p>\n<p>Producent serialu Buena Vista International, zapowiedzia\u0142, i\u017c serial realizowany b\u0119dzie do 2010 roku.<\/p>\n","protected":false},"excerpt":{"rendered":"Ju\u017c 22 lipca o godz. 20.05 w telewizji AXN zobaczy\u0107 b\u0119dzie mo\u017cna fina\u0142 trzeciego sezonu serialu &#8222;Zagubieni&#8221;.","protected":false},"author":1,"featured_media":60893,"comment_status":"open","ping_status":"closed","sticky":false,"template":"","format":"standard","meta":{"csco_display_header_overlay":false,"csco_singular_sidebar":"","csco_page_header_type":"","csco_page_load_nextpost":"","csco_post_video_location":[],"csco_post_video_location_hash":"","csco_post_video_url":"","csco_post_video_bg_start_time":0,"csco_post_video_bg_end_time":0,"footnotes":""},"categories":[9670],"tags":[],"class_list":{"0":"post-60892","1":"post","2":"type-post","3":"status-publish","4":"format-standard","5":"has-post-thumbnail","7":"category-tv","8":"cs-entry","9":"cs-video-wrap"},"_links":{"self":[{"href":"https:\/\/mediarun.com\/pl\/wp-json\/wp\/v2\/posts\/60892","targetHints":{"allow":["GET"]}}],"collection":[{"href":"https:\/\/mediarun.com\/pl\/wp-json\/wp\/v2\/posts"}],"about":[{"href":"https:\/\/mediarun.com\/pl\/wp-json\/wp\/v2\/types\/post"}],"author":[{"embeddable":true,"href":"https:\/\/mediarun.com\/pl\/wp-json\/wp\/v2\/users\/1"}],"replies":[{"embeddable":true,"href":"https:\/\/mediarun.com\/pl\/wp-json\/wp\/v2\/comments?post=60892"}],"version-history":[{"count":0,"href":"https:\/\/mediarun.com\/pl\/wp-json\/wp\/v2\/posts\/60892\/revisions"}],"wp:featuredmedia":[{"embeddable":true,"href":"https:\/\/mediarun.com\/pl\/wp-json\/wp\/v2\/media\/60893"}],"wp:attachment":[{"href":"https:\/\/mediarun.com\/pl\/wp-json\/wp\/v2\/media?parent=60892"}],"wp:term":[{"taxonomy":"category","embeddable":true,"href":"https:\/\/mediarun.com\/pl\/wp-json\/wp\/v2\/categories?post=60892"},{"taxonomy":"post_tag","embeddable":true,"href":"https:\/\/mediarun.com\/pl\/wp-json\/wp\/v2\/tags?post=60892"}],"curies":[{"name":"wp","href":"https:\/\/api.w.org\/{rel}","templated":true}]}}