{"id":60807,"date":"2007-07-16T10:00:16","date_gmt":"2007-07-16T08:00:16","guid":{"rendered":"https:\/\/mediarun.com\/index.php\/news-posts\/szefowa-panoramy-odwolana\/"},"modified":"2007-07-16T10:00:16","modified_gmt":"2007-07-16T08:00:16","slug":"szefowa-panoramy-odwolana","status":"publish","type":"post","link":"https:\/\/mediarun.com\/pl\/media\/tv\/szefowa-panoramy-odwolana.html","title":{"rendered":"Szefowa &#8222;Panoramy&#8221; odwo\u0142ana"},"content":{"rendered":"<p>Aneta Wrona, rzecznik prasowy TVP, poinformowa\u0142a PAP, \u017ce Ma\u0142gorzata \u0141opi\u0144ska otrzyma\u0142a propozycj\u0119 obj\u0119cia innego stanowiska w Agencji Informacji TVP i w poniedzia\u0142ek ma da\u0107 odpowied\u017a, czy si\u0119 na to zdecyduje.<\/p>\n<p>Wrona nie chcia\u0142a powiedzie\u0107, kto b\u0119dzie nowym szefem &#8222;Panoramy&#8221;, ani jakie by\u0142y powody odwo\u0142ania \u0141opi\u0144skiej.  <\/p>\n<p>&#8211; Na razie nie mog\u0119 na ten temat powiedzie\u0107 nic wi\u0119cej. Szerszych informacji b\u0119dziemy udziela\u0107 w poniedzia\u0142ek lub wtorek &#8211; doda\u0142a Wrona.<\/p>\n<p>Ma\u0142gorzata \u0141opi\u0144ska szefow\u0105 &#8222;Panoramy&#8221; by\u0142a od 19 grudnia ubieg\u0142ego roku. Pe\u0142ni\u0142a r\u00f3wnie\u017c funkcj\u0119 zast\u0119pcy kierownika programu. Wcze\u015bniej pracowa\u0142a m.in. w Polskiej Agencji Prasowej i Inforadiu.<\/p>\n","protected":false},"excerpt":{"rendered":"Ma\u0142gorzata \u0141opi\u0144ska nie kieruje ju\u017c programem informacyjnym &#8222;Panorama&#8221; w telewizyjnej Dw\u00f3jce. TVP nie ujawnia na razie, kto b\u0119dzie nowym szefem dziennika TVP2, a tak\u017ce powod\u00f3w odwo\u0142ania \u0141opi\u0144skiej.","protected":false},"author":1,"featured_media":60808,"comment_status":"open","ping_status":"closed","sticky":false,"template":"","format":"standard","meta":{"csco_display_header_overlay":false,"csco_singular_sidebar":"","csco_page_header_type":"","csco_page_load_nextpost":"","csco_post_video_location":[],"csco_post_video_location_hash":"","csco_post_video_url":"","csco_post_video_bg_start_time":0,"csco_post_video_bg_end_time":0,"footnotes":""},"categories":[9670],"tags":[],"class_list":{"0":"post-60807","1":"post","2":"type-post","3":"status-publish","4":"format-standard","5":"has-post-thumbnail","7":"category-tv","8":"cs-entry","9":"cs-video-wrap"},"_links":{"self":[{"href":"https:\/\/mediarun.com\/pl\/wp-json\/wp\/v2\/posts\/60807","targetHints":{"allow":["GET"]}}],"collection":[{"href":"https:\/\/mediarun.com\/pl\/wp-json\/wp\/v2\/posts"}],"about":[{"href":"https:\/\/mediarun.com\/pl\/wp-json\/wp\/v2\/types\/post"}],"author":[{"embeddable":true,"href":"https:\/\/mediarun.com\/pl\/wp-json\/wp\/v2\/users\/1"}],"replies":[{"embeddable":true,"href":"https:\/\/mediarun.com\/pl\/wp-json\/wp\/v2\/comments?post=60807"}],"version-history":[{"count":0,"href":"https:\/\/mediarun.com\/pl\/wp-json\/wp\/v2\/posts\/60807\/revisions"}],"wp:featuredmedia":[{"embeddable":true,"href":"https:\/\/mediarun.com\/pl\/wp-json\/wp\/v2\/media\/60808"}],"wp:attachment":[{"href":"https:\/\/mediarun.com\/pl\/wp-json\/wp\/v2\/media?parent=60807"}],"wp:term":[{"taxonomy":"category","embeddable":true,"href":"https:\/\/mediarun.com\/pl\/wp-json\/wp\/v2\/categories?post=60807"},{"taxonomy":"post_tag","embeddable":true,"href":"https:\/\/mediarun.com\/pl\/wp-json\/wp\/v2\/tags?post=60807"}],"curies":[{"name":"wp","href":"https:\/\/api.w.org\/{rel}","templated":true}]}}