{"id":60790,"date":"2007-07-16T21:11:13","date_gmt":"2007-07-16T19:11:13","guid":{"rendered":"https:\/\/mediarun.com\/index.php\/news-posts\/tv-puls-ma-tymczasowego-prezesa\/"},"modified":"2007-07-16T21:11:13","modified_gmt":"2007-07-16T19:11:13","slug":"tv-puls-ma-tymczasowego-prezesa","status":"publish","type":"post","link":"https:\/\/mediarun.com\/pl\/media\/tv\/tv-puls-ma-tymczasowego-prezesa.html","title":{"rendered":"TV Puls ma tymczasowego prezesa"},"content":{"rendered":"<p>Meisel jest Amerykaninem i reprezentuje w TV Puls jednego z udzia\u0142owc\u00f3w &#8211; koncern medialny News Corp.; prezesem TV Puls by\u0142 od ok. dw\u00f3ch miesi\u0119cy. &#8211; Poniewa\u017c dobiega ko\u0144ca tymczasowe pozwolenie na prac\u0119 pana Meisela, zdecydowali\u015bmy si\u0119 nie ryzykowa\u0107 i w oczekiwaniu na uzyskanie przez niego nowego pozwolenia powo\u0142ali\u015bmy pani\u0105 \u0141ukasiak &#8211; powiedzia\u0142 PAP D\u0105bski.<\/p>\n<p>Doda\u0142, \u017ce jest wdzi\u0119czny \u0141ukasiak, \u017ce zgodzi\u0142a si\u0119 na ten kr\u00f3tki czas obj\u0105\u0107 fotel prezesa. &#8211; Wszyscy udzia\u0142owcy mieli do niej zaufanie &#8211; podkre\u015bli\u0142 D\u0105bski. <\/p>\n<p>\u0141ukasiak pracuje w TV Puls od 1 lipca; wcze\u015bniej by\u0142a zast\u0119pc\u0105 redaktora naczelnego &#8222;Rzeczpospolitej&#8221;. \u0141ukasiak pracowa\u0142a ju\u017c te\u017c wcze\u015bniej w Pulsie &#8211; w 2001 r. zosta\u0142a tam szefow\u0105 programu informacyjnego &#8222;Wydarzenia&#8221; (program znikn\u0105\u0142 z anteny w 2002 r.). <\/p>\n<p>Opr\u00f3cz \u0141ukasiak w zarz\u0105dzie Pulsu zasiadaj\u0105: przedstawiciel franciszkan\u00f3w o. Mariusz S\u0142owik i dyrektor finansowy Beata Dymacz.<\/p>\n","protected":false},"excerpt":{"rendered":"Amelia \u0141ukasiak, do tej pory szefowa program\u00f3w informacyjnych TV Puls, zosta\u0142a w poniedzia\u0142ek prezesem tej telewizji. Jak podkre\u015bla jednak szef rady nadzorczej TV Puls Dariusz D\u0105bski, zmiana jest &#8222;czysto techniczna&#8221; i poprzedni prezes Farell Meisel wr\u00f3ci na swoje stanowisko, gdy tylko otrzyma nowe pozwolenie na prac\u0119.","protected":false},"author":1,"featured_media":60791,"comment_status":"open","ping_status":"closed","sticky":false,"template":"","format":"standard","meta":{"csco_display_header_overlay":false,"csco_singular_sidebar":"","csco_page_header_type":"","csco_page_load_nextpost":"","csco_post_video_location":[],"csco_post_video_location_hash":"","csco_post_video_url":"","csco_post_video_bg_start_time":0,"csco_post_video_bg_end_time":0,"footnotes":""},"categories":[9670],"tags":[],"class_list":{"0":"post-60790","1":"post","2":"type-post","3":"status-publish","4":"format-standard","5":"has-post-thumbnail","7":"category-tv","8":"cs-entry","9":"cs-video-wrap"},"_links":{"self":[{"href":"https:\/\/mediarun.com\/pl\/wp-json\/wp\/v2\/posts\/60790","targetHints":{"allow":["GET"]}}],"collection":[{"href":"https:\/\/mediarun.com\/pl\/wp-json\/wp\/v2\/posts"}],"about":[{"href":"https:\/\/mediarun.com\/pl\/wp-json\/wp\/v2\/types\/post"}],"author":[{"embeddable":true,"href":"https:\/\/mediarun.com\/pl\/wp-json\/wp\/v2\/users\/1"}],"replies":[{"embeddable":true,"href":"https:\/\/mediarun.com\/pl\/wp-json\/wp\/v2\/comments?post=60790"}],"version-history":[{"count":0,"href":"https:\/\/mediarun.com\/pl\/wp-json\/wp\/v2\/posts\/60790\/revisions"}],"wp:featuredmedia":[{"embeddable":true,"href":"https:\/\/mediarun.com\/pl\/wp-json\/wp\/v2\/media\/60791"}],"wp:attachment":[{"href":"https:\/\/mediarun.com\/pl\/wp-json\/wp\/v2\/media?parent=60790"}],"wp:term":[{"taxonomy":"category","embeddable":true,"href":"https:\/\/mediarun.com\/pl\/wp-json\/wp\/v2\/categories?post=60790"},{"taxonomy":"post_tag","embeddable":true,"href":"https:\/\/mediarun.com\/pl\/wp-json\/wp\/v2\/tags?post=60790"}],"curies":[{"name":"wp","href":"https:\/\/api.w.org\/{rel}","templated":true}]}}