{"id":60774,"date":"2007-07-17T06:00:00","date_gmt":"2007-07-17T04:00:00","guid":{"rendered":"https:\/\/mediarun.com\/index.php\/news-posts\/tv-puls-zmieni-nazwe-na-fox\/"},"modified":"2007-07-17T06:00:00","modified_gmt":"2007-07-17T04:00:00","slug":"tv-puls-zmieni-nazwe-na-fox","status":"publish","type":"post","link":"https:\/\/mediarun.com\/pl\/media\/tv\/tv-puls-zmieni-nazwe-na-fox.html","title":{"rendered":"TV Puls zmieni nazw\u0119 na Fox?"},"content":{"rendered":"<p><P>szyte specjalnie dla grupy News Corp., nowego w\u0142a\u015bciciela polskiej telewizji. &#8222;Jest skrojony pod Murdocha&#8221; &#8211; tak prezes Superstacji oceni\u0142 konkurs KRRiT na nowe cz\u0119stotliwo\u015bci, w kt\u00f3rym bierze udzia\u0142 Puls. <BR><BR>Telewizja Puls, kt\u00f3ra dociera obecnie poprzez przekaz naziemny i satelitarny do ok. 60 proc.ludno\u015bci, si\u0119ga po nowe nadajniki, do tej pory zarezerwowane przez KRRiT do cel\u00f3w telewizji cyfrowej &#8211; informuje Parkiet.<\/P><br \/>\n<P>Szykuj\u0105 si\u0119 jeszcze inne zmiany w TV Puls.&nbsp;Farell Meisel, prezes stacji mo\u017ce by\u0107 zmieniony przez Andrzeja Magdziaka, prezesa News Outdoor Poland. Meisela zast\u0119puje od wczoraj Amelia \u0141ukasiak, szefowa program\u00f3w informacyjnych TV Puls. Prezes wr\u00f3ci na swoje stanowisko, gdy&nbsp;otrzyma nowe&nbsp;pozowlenie na prac\u0119.<\/P><br \/>\n<P>Od roku udzia\u0142y w TV Puls ma News Corp. ameryka\u0144skiego potentata, Ruperta Murdocha. Koncern posiada po\u0142ow\u0119 udzia\u0142\u00f3w sp\u00f3\u0142ki TV Inwestycje. Druga po\u0142owa sp\u00f3\u0142ki nale\u017cy do Prowincji Ojc\u00f3w Franciszkan\u00f3w. Ma\u0142a cz\u0119\u015b\u0107 nale\u017cy do Dariusza D\u0105bskiego.<\/P><br \/>\n<P>Po wej\u015bciu News Corp. stacja zmieni\u0142a koncesj\u0119 z wyspecjalizowanej na uniwersaln\u0105.&nbsp;Tre\u015bci religijne maj\u0105 w programie wype\u0142nia\u0107 nie mniej ni\u017c godzin\u0119 na dob\u0119.<\/P><\/p>\n","protected":false},"excerpt":{"rendered":"Telewizja Puls mo\u017ce zmieni\u0107 nazw\u0119 na Fox &#8211; informuje Parkiet. Gazeta podejrzewa, \u017ce telewizyjne konkursy KRRiT mog\u0105 by\u0107&#8230;","protected":false},"author":1,"featured_media":60775,"comment_status":"open","ping_status":"closed","sticky":false,"template":"","format":"standard","meta":{"csco_display_header_overlay":false,"csco_singular_sidebar":"","csco_page_header_type":"","csco_page_load_nextpost":"","csco_post_video_location":[],"csco_post_video_location_hash":"","csco_post_video_url":"","csco_post_video_bg_start_time":0,"csco_post_video_bg_end_time":0,"footnotes":""},"categories":[9670],"tags":[],"class_list":{"0":"post-60774","1":"post","2":"type-post","3":"status-publish","4":"format-standard","5":"has-post-thumbnail","7":"category-tv","8":"cs-entry","9":"cs-video-wrap"},"_links":{"self":[{"href":"https:\/\/mediarun.com\/pl\/wp-json\/wp\/v2\/posts\/60774","targetHints":{"allow":["GET"]}}],"collection":[{"href":"https:\/\/mediarun.com\/pl\/wp-json\/wp\/v2\/posts"}],"about":[{"href":"https:\/\/mediarun.com\/pl\/wp-json\/wp\/v2\/types\/post"}],"author":[{"embeddable":true,"href":"https:\/\/mediarun.com\/pl\/wp-json\/wp\/v2\/users\/1"}],"replies":[{"embeddable":true,"href":"https:\/\/mediarun.com\/pl\/wp-json\/wp\/v2\/comments?post=60774"}],"version-history":[{"count":0,"href":"https:\/\/mediarun.com\/pl\/wp-json\/wp\/v2\/posts\/60774\/revisions"}],"wp:featuredmedia":[{"embeddable":true,"href":"https:\/\/mediarun.com\/pl\/wp-json\/wp\/v2\/media\/60775"}],"wp:attachment":[{"href":"https:\/\/mediarun.com\/pl\/wp-json\/wp\/v2\/media?parent=60774"}],"wp:term":[{"taxonomy":"category","embeddable":true,"href":"https:\/\/mediarun.com\/pl\/wp-json\/wp\/v2\/categories?post=60774"},{"taxonomy":"post_tag","embeddable":true,"href":"https:\/\/mediarun.com\/pl\/wp-json\/wp\/v2\/tags?post=60774"}],"curies":[{"name":"wp","href":"https:\/\/api.w.org\/{rel}","templated":true}]}}