{"id":60757,"date":"2007-07-17T06:00:00","date_gmt":"2007-07-17T04:00:00","guid":{"rendered":"https:\/\/mediarun.com\/index.php\/news-posts\/leskiewicz-nie-ma-zaufania-nie-ma-pracy\/"},"modified":"2007-07-17T06:00:00","modified_gmt":"2007-07-17T04:00:00","slug":"leskiewicz-nie-ma-zaufania-nie-ma-pracy","status":"publish","type":"post","link":"https:\/\/mediarun.com\/pl\/media\/tv\/leskiewicz-nie-ma-zaufania-nie-ma-pracy.html","title":{"rendered":"Le\u015bkiewicz: nie ma zaufania, nie ma pracy"},"content":{"rendered":"<p><P>&#8211;&nbsp;Z bada\u0144 wizerunkowych zleconych przez TVP wynika, \u017ce dziennikarz ten nie zdoby\u0142 zadawalaj\u0105cego zaufania widz\u00f3w, s\u0142abo rozpoznawalny i nie przywi\u0105za\u0142 do siebie widowni&nbsp;&#8211; czytamy w komunikacie publicznej telewizji.<\/P><br \/>\n<P>Marcin Le\u015bkiewicz zwi\u0105zany by\u0142 z &#8222;Wiadomo\u015bciami&#8221; jako wydawca i prezenter od 1 pa\u017adziernika 2006 roku. Wcze\u015bniej dziennikarz pracowa\u0142 m.in. w &#8222;Panoramie&#8221; TVP, &#8222;Uwadze&#8221; TVN i Radiu Zet.<\/P><br \/>\n<P>Poza nim g\u0142\u00f3wne wydanie &#8222;Wiadomo\u015bci&#8221; TVP1 prowadz\u0105 Ma\u0142gorzata Wyszy\u0144ska i Dorota Wysocka.<\/P><\/p>\n","protected":false},"excerpt":{"rendered":"Telewizja Polska w poniedzia\u0142ek zerwa\u0142a wsp\u00f3\u0142prac\u0119 z Marcinem Le\u015bkiewiczem, prowadz\u0105cym g\u0142\u00f3wne wydanie &quot;Wiadomo\u015bci&quot;.","protected":false},"author":1,"featured_media":60758,"comment_status":"open","ping_status":"closed","sticky":false,"template":"","format":"standard","meta":{"csco_display_header_overlay":false,"csco_singular_sidebar":"","csco_page_header_type":"","csco_page_load_nextpost":"","csco_post_video_location":[],"csco_post_video_location_hash":"","csco_post_video_url":"","csco_post_video_bg_start_time":0,"csco_post_video_bg_end_time":0,"footnotes":""},"categories":[9670],"tags":[558],"class_list":{"0":"post-60757","1":"post","2":"type-post","3":"status-publish","4":"format-standard","5":"has-post-thumbnail","7":"category-tv","8":"tag-tvp1","9":"cs-entry","10":"cs-video-wrap"},"_links":{"self":[{"href":"https:\/\/mediarun.com\/pl\/wp-json\/wp\/v2\/posts\/60757","targetHints":{"allow":["GET"]}}],"collection":[{"href":"https:\/\/mediarun.com\/pl\/wp-json\/wp\/v2\/posts"}],"about":[{"href":"https:\/\/mediarun.com\/pl\/wp-json\/wp\/v2\/types\/post"}],"author":[{"embeddable":true,"href":"https:\/\/mediarun.com\/pl\/wp-json\/wp\/v2\/users\/1"}],"replies":[{"embeddable":true,"href":"https:\/\/mediarun.com\/pl\/wp-json\/wp\/v2\/comments?post=60757"}],"version-history":[{"count":0,"href":"https:\/\/mediarun.com\/pl\/wp-json\/wp\/v2\/posts\/60757\/revisions"}],"wp:featuredmedia":[{"embeddable":true,"href":"https:\/\/mediarun.com\/pl\/wp-json\/wp\/v2\/media\/60758"}],"wp:attachment":[{"href":"https:\/\/mediarun.com\/pl\/wp-json\/wp\/v2\/media?parent=60757"}],"wp:term":[{"taxonomy":"category","embeddable":true,"href":"https:\/\/mediarun.com\/pl\/wp-json\/wp\/v2\/categories?post=60757"},{"taxonomy":"post_tag","embeddable":true,"href":"https:\/\/mediarun.com\/pl\/wp-json\/wp\/v2\/tags?post=60757"}],"curies":[{"name":"wp","href":"https:\/\/api.w.org\/{rel}","templated":true}]}}