{"id":60743,"date":"2007-07-17T19:31:57","date_gmt":"2007-07-17T17:31:57","guid":{"rendered":"https:\/\/mediarun.com\/index.php\/news-posts\/tvp2-zmienia-pory-emisji-panoramy\/"},"modified":"2007-07-17T19:31:57","modified_gmt":"2007-07-17T17:31:57","slug":"tvp2-zmienia-pory-emisji-panoramy","status":"publish","type":"post","link":"https:\/\/mediarun.com\/pl\/media\/tv\/tvp2-zmienia-pory-emisji-panoramy.html","title":{"rendered":"TVP2 zmienia pory emisji &#8222;Panoramy&#8221;"},"content":{"rendered":"<p>W jesiennej ram\u00f3wce TVP2 g\u0142\u00f3wne wydanie &#8222;Panoramy&#8221; ogl\u0105da\u0107 b\u0119dzie mo\u017cna o 21.30, a nie jak dotychczas &#8211; o 22.00. Natomiast program, kt\u00f3ry nadawany jest obecnie o 18.45, pojawi si\u0119 o 18.30. <\/p>\n<p>&#8211; Zmiany te zwi\u0105zane s\u0105 z ca\u0142kowicie now\u0105 konstrukcj\u0105 wieczornego uk\u0142adu ram\u00f3wkowego Dw\u00f3jki &#8211; m\u00f3wi Aneta Wrona, rzecznik prasowy Telewizji Polskiej, cytowana w komunikacie prasowej.<\/p>\n<p>G\u0142\u00f3wne wydanie &#8222;Panoramy&#8221; od pocz\u0105tku roku nadawane by\u0142o tak jak dawniej o godz. 22.00 (z wyj\u0105tkiem weekend\u00f3w i dni, kiedy pojawia\u0142y si\u0119 transmisje sportowe &#8211; w\u00f3wczas dziennik emitowano p\u00f3\u017aniej). Wcze\u015bniej przez kilka miesi\u0119cy program widzowie mogli ogl\u0105da\u0107 o 22.30.<\/p>\n<p>&#8222;Panoram\u0119&#8221; o 18.45 pojawia\u0142a si\u0119 od stycznia br. Wcze\u015bniej popo\u0142udniowe wydanie programu nadawane by\u0142o o 18.30.<\/p>\n<p>Jak pokazuj\u0105 dane AGB Nielsen Media Research, w I p\u00f3\u0142roczu 2007 roku &#8222;Panoram\u0119&#8221; o 18.45 ogl\u0105da\u0142o \u015brednio 1,9 mln widz\u00f3w (15,2 proc. udzia\u0142\u00f3w w rynku), a wydanie wieczorne gromadzi\u0142o 2,06 mln widz\u00f3w (16,61 proc. udzia\u0142\u00f3w w rynku). W I p\u00f3\u0142roczu 2006 roku by\u0142o to odpowiednio: 2,08 mln widz\u00f3w (17,4 proc. udzia\u0142\u00f3w w rynku) i 2,44 mln widz\u00f3w (18,5 proc. udzia\u0142\u00f3w w rynku)<\/p>\n","protected":false},"excerpt":{"rendered":"W jesiennej ram\u00f3wce telewizyjnej Dw\u00f3jce &#8222;Panorama&#8221; nadawana b\u0119dzie o zmienionych porach &#8211; zdecydowa\u0142 we wtorek zarz\u0105d Telewizji Polskiej. G\u0142\u00f3wne wydanie programu informacyjnego TVP2 zostanie przeniesione na 21.30. Z kolei &#8222;Panorama&#8221; emitowana ostatnio o godz. 18.45 powr\u00f3ci na swoje dawne miejsce.","protected":false},"author":1,"featured_media":60744,"comment_status":"open","ping_status":"closed","sticky":false,"template":"","format":"standard","meta":{"csco_display_header_overlay":false,"csco_singular_sidebar":"","csco_page_header_type":"","csco_page_load_nextpost":"","csco_post_video_location":[],"csco_post_video_location_hash":"","csco_post_video_url":"","csco_post_video_bg_start_time":0,"csco_post_video_bg_end_time":0,"footnotes":""},"categories":[9670],"tags":[],"class_list":{"0":"post-60743","1":"post","2":"type-post","3":"status-publish","4":"format-standard","5":"has-post-thumbnail","7":"category-tv","8":"cs-entry","9":"cs-video-wrap"},"_links":{"self":[{"href":"https:\/\/mediarun.com\/pl\/wp-json\/wp\/v2\/posts\/60743","targetHints":{"allow":["GET"]}}],"collection":[{"href":"https:\/\/mediarun.com\/pl\/wp-json\/wp\/v2\/posts"}],"about":[{"href":"https:\/\/mediarun.com\/pl\/wp-json\/wp\/v2\/types\/post"}],"author":[{"embeddable":true,"href":"https:\/\/mediarun.com\/pl\/wp-json\/wp\/v2\/users\/1"}],"replies":[{"embeddable":true,"href":"https:\/\/mediarun.com\/pl\/wp-json\/wp\/v2\/comments?post=60743"}],"version-history":[{"count":0,"href":"https:\/\/mediarun.com\/pl\/wp-json\/wp\/v2\/posts\/60743\/revisions"}],"wp:featuredmedia":[{"embeddable":true,"href":"https:\/\/mediarun.com\/pl\/wp-json\/wp\/v2\/media\/60744"}],"wp:attachment":[{"href":"https:\/\/mediarun.com\/pl\/wp-json\/wp\/v2\/media?parent=60743"}],"wp:term":[{"taxonomy":"category","embeddable":true,"href":"https:\/\/mediarun.com\/pl\/wp-json\/wp\/v2\/categories?post=60743"},{"taxonomy":"post_tag","embeddable":true,"href":"https:\/\/mediarun.com\/pl\/wp-json\/wp\/v2\/tags?post=60743"}],"curies":[{"name":"wp","href":"https:\/\/api.w.org\/{rel}","templated":true}]}}